{"id":16928,"date":"2019-02-05T14:20:33","date_gmt":"2019-02-05T13:20:33","guid":{"rendered":"https:\/\/excellence-esthetique.fr\/congres-du-01-fevrier-au-04-fevrier-2019-sur-les-rhinoplasties-de-preservation.html"},"modified":"2020-01-14T04:13:53","modified_gmt":"2020-01-14T03:13:53","slug":"congres-du-01-fevrier-au-04-fevrier-2019-sur-les-rhinoplasties-de-preservation","status":"publish","type":"post","link":"https:\/\/excellence-esthetique.fr\/en\/congres-du-01-fevrier-au-04-fevrier-2019-sur-les-rhinoplasties-de-preservation.html","title":{"rendered":"Dr. Gerbault in Nice, France, for the Preservation Rhinoplasty meeting"},"content":{"rendered":"<p>From February 1 to 4, 2019, Doctor Gerbault was in Nice, France, to attend the <strong>Preservation Rinoplasty<\/strong> meeting, a congress focused on <strong>preservation rhinoplasties<\/strong>, organized by his colleague <strong>Dr Yves Saban<\/strong> from Nice.<\/p>\n<hr>\n<h2>Preservation Rinoplasty<\/h2>\n<figure id=\"attachment_15030\" aria-describedby=\"caption-attachment-15030\" style=\"width: 350px\" class=\"wp-caption alignnone\"><img loading=\"lazy\" class=\"wp-image-15030 size-medium\" src=\"https:\/\/excellence-esthetique.fr\/wp-content\/uploads\/Congr%C3%A8s-du-01-F%C3%A9vrier-au-04-F%C3%A9vrier-2019-350x263.jpg\" alt=\"Le Docteur Gerbault et ses confr\u00e8res internationaux\" width=\"350\" height=\"263\" srcset=\"https:\/\/excellence-esthetique.fr\/wp-content\/uploads\/Congr\u00e8s-du-01-F\u00e9vrier-au-04-F\u00e9vrier-2019-350x263.jpg 350w, https:\/\/excellence-esthetique.fr\/wp-content\/uploads\/Congr\u00e8s-du-01-F\u00e9vrier-au-04-F\u00e9vrier-2019-520x390.jpg 520w, https:\/\/excellence-esthetique.fr\/wp-content\/uploads\/Congr\u00e8s-du-01-F\u00e9vrier-au-04-F\u00e9vrier-2019.jpg 960w\" sizes=\"(max-width: 350px) 100vw, 350px\"><figcaption id=\"caption-attachment-15030\" class=\"wp-caption-text\">Dr Gerbault and his international colleagues.<\/figcaption><\/figure>\n<figure id=\"attachment_15031\" aria-describedby=\"caption-attachment-15031\" style=\"width: 376px\" class=\"wp-caption alignnone\"><img loading=\"lazy\" class=\"wp-image-15031\" src=\"https:\/\/excellence-esthetique.fr\/wp-content\/uploads\/preservation-rhinoplasty-congress-350x246.jpg\" alt=\"Le programme du congr\u00e8s\" width=\"376\" height=\"264\" srcset=\"https:\/\/excellence-esthetique.fr\/wp-content\/uploads\/preservation-rhinoplasty-congress-350x246.jpg 350w, https:\/\/excellence-esthetique.fr\/wp-content\/uploads\/preservation-rhinoplasty-congress-520x365.jpg 520w, https:\/\/excellence-esthetique.fr\/wp-content\/uploads\/preservation-rhinoplasty-congress.jpg 875w\" sizes=\"(max-width: 376px) 100vw, 376px\"><figcaption id=\"caption-attachment-15031\" class=\"wp-caption-text\">The congress program.<\/figcaption><\/figure>\n\n<div class=\"kk-star-ratings\n     kksr-valign-bottom     kksr-align-center    \"\n    data-payload=\"{&quot;align&quot;:&quot;center&quot;,&quot;id&quot;:&quot;16928&quot;,&quot;slug&quot;:&quot;default&quot;,&quot;valign&quot;:&quot;bottom&quot;,&quot;reference&quot;:&quot;auto&quot;,&quot;count&quot;:&quot;1&quot;,&quot;readonly&quot;:&quot;&quot;,&quot;score&quot;:&quot;5&quot;,&quot;best&quot;:&quot;5&quot;,&quot;gap&quot;:&quot;4&quot;,&quot;greet&quot;:&quot;Noter cette page&quot;,&quot;legend&quot;:&quot;5\\\/5 - (1 vote)&quot;,&quot;size&quot;:&quot;14&quot;,&quot;width&quot;:&quot;88&quot;,&quot;_legend&quot;:&quot;{score}\\\/{best} - ({count} {votes})&quot;}\">\n    \n<div class=\"kksr-stars\">\n    \n<div class=\"kksr-stars-inactive\">\n            <div class=\"kksr-star\" data-star=\"1\" style=\"padding-right: 4px\">\n            \n\n<div class=\"kksr-icon\" style=\"width: 14px; height: 14px;\"><\/div>\n        <\/div>\n            <div class=\"kksr-star\" data-star=\"2\" style=\"padding-right: 4px\">\n            \n\n<div class=\"kksr-icon\" style=\"width: 14px; height: 14px;\"><\/div>\n        <\/div>\n            <div class=\"kksr-star\" data-star=\"3\" style=\"padding-right: 4px\">\n            \n\n<div class=\"kksr-icon\" style=\"width: 14px; height: 14px;\"><\/div>\n        <\/div>\n            <div class=\"kksr-star\" data-star=\"4\" style=\"padding-right: 4px\">\n            \n\n<div class=\"kksr-icon\" style=\"width: 14px; height: 14px;\"><\/div>\n        <\/div>\n            <div class=\"kksr-star\" data-star=\"5\" style=\"padding-right: 4px\">\n            \n\n<div class=\"kksr-icon\" style=\"width: 14px; height: 14px;\"><\/div>\n        <\/div>\n    <\/div>\n    \n<div class=\"kksr-stars-active\" style=\"width: 88px;\">\n            <div class=\"kksr-star\" style=\"padding-right: 4px\">\n            \n\n<div class=\"kksr-icon\" style=\"width: 14px; height: 14px;\"><\/div>\n        <\/div>\n            <div class=\"kksr-star\" style=\"padding-right: 4px\">\n            \n\n<div class=\"kksr-icon\" style=\"width: 14px; height: 14px;\"><\/div>\n        <\/div>\n            <div class=\"kksr-star\" style=\"padding-right: 4px\">\n            \n\n<div class=\"kksr-icon\" style=\"width: 14px; height: 14px;\"><\/div>\n        <\/div>\n            <div class=\"kksr-star\" style=\"padding-right: 4px\">\n            \n\n<div class=\"kksr-icon\" style=\"width: 14px; height: 14px;\"><\/div>\n        <\/div>\n            <div class=\"kksr-star\" style=\"padding-right: 4px\">\n            \n\n<div class=\"kksr-icon\" style=\"width: 14px; height: 14px;\"><\/div>\n        <\/div>\n    <\/div>\n<\/div>\n    \n<div class=\"kksr-legend\">\n            5\/5 - (1 vote)    <\/div>\n<\/div>\n\n\n","protected":false},"excerpt":{"rendered":"<p>From February 1 to 4, 2019, Doctor Gerbault was in Nice, France, to attend the Preservation Rinoplasty meeting, a congress focused on preservation rhinoplasties, organized by his colleague Dr Yves Saban from Nice. Preservation Rinoplasty 5\/5 &#8211; (1 vote)<\/p>\n","protected":false},"author":5,"featured_media":16930,"comment_status":"open","ping_status":"closed","sticky":false,"template":"","format":"standard","meta":[],"categories":[170],"tags":[],"acf":[],"yoast_head":"<!-- This site is optimized with the Yoast SEO plugin v18.3 - https:\/\/yoast.com\/wordpress\/plugins\/seo\/ -->\n<title>Dr. Gerbault in Nice, France, for the Preservation Rhinoplasty meeting<\/title>\n<meta name=\"robots\" content=\"index, follow, max-snippet:-1, max-image-preview:large, max-video-preview:-1\" \/>\n<link rel=\"canonical\" href=\"https:\/\/excellence-esthetique.fr\/en\/congres-du-01-fevrier-au-04-fevrier-2019-sur-les-rhinoplasties-de-preservation.html\" \/>\n<meta property=\"og:locale\" content=\"en_US\" \/>\n<meta property=\"og:type\" content=\"article\" \/>\n<meta property=\"og:title\" content=\"Dr. Gerbault in Nice, France, for the Preservation Rhinoplasty meeting\" \/>\n<meta property=\"og:description\" content=\"From February 1 to 4, 2019, Doctor Gerbault was in Nice, France, to attend the Preservation Rinoplasty meeting, a congress focused on preservation rhinoplasties, organized by his colleague Dr Yves Saban from Nice. Preservation Rinoplasty 5\/5 - (1 vote)\" \/>\n<meta property=\"og:url\" content=\"https:\/\/excellence-esthetique.fr\/en\/congres-du-01-fevrier-au-04-fevrier-2019-sur-les-rhinoplasties-de-preservation.html\" \/>\n<meta property=\"og:site_name\" content=\"Chirurgien rhinoplastie Paris : Dr Gerbault\" \/>\n<meta property=\"article:publisher\" content=\"https:\/\/www.facebook.com\/Dr.Gerbault\/\" \/>\n<meta property=\"article:author\" content=\"https:\/\/www.facebook.com\/Dr.Gerbault\/\" \/>\n<meta property=\"article:published_time\" content=\"2019-02-05T13:20:33+00:00\" \/>\n<meta property=\"article:modified_time\" content=\"2020-01-14T03:13:53+00:00\" \/>\n<meta property=\"og:image\" content=\"https:\/\/excellence-esthetique.fr\/wp-content\/uploads\/Congr\u00e8s-du-01-F\u00e9vrier-au-04-F\u00e9vrier-2019-sur-les-Rhinoplasties-de-Pr\u00e9servation.-e1578970828890.jpg\" \/>\n\t<meta property=\"og:image:width\" content=\"533\" \/>\n\t<meta property=\"og:image:height\" content=\"400\" \/>\n\t<meta property=\"og:image:type\" content=\"image\/jpeg\" \/>\n<meta name=\"twitter:card\" content=\"summary_large_image\" \/>\n<meta name=\"twitter:creator\" content=\"@Dr_Gerbault\" \/>\n<meta name=\"twitter:site\" content=\"@Dr_Gerbault\" \/>\n<meta name=\"twitter:label1\" content=\"Written by\" \/>\n\t<meta name=\"twitter:data1\" content=\"Dr Olivier Gerbault\" \/>\n<script type=\"application\/ld+json\" class=\"yoast-schema-graph\">{\"@context\":\"https:\/\/schema.org\",\"@graph\":[{\"@type\":[\"Organization\",\"Place\",\"PlasticSurgery\"],\"@id\":\"https:\/\/excellence-esthetique.fr\/fr\/#organization\",\"name\":\"Chirurgien rhinoplastie Paris : Dr Gerbault\",\"url\":\"https:\/\/excellence-esthetique.fr\/fr\/\",\"sameAs\":[\"https:\/\/www.facebook.com\/Dr.Gerbault\/\",\"https:\/\/www.instagram.com\/dr_gerbault_rhinoplastie_paris\/\",\"https:\/\/www.linkedin.com\/in\/oliviergerbault\/\",\"https:\/\/www.youtube.com\/GERBOLIVIER\",\"https:\/\/twitter.com\/Dr_Gerbault\"],\"logo\":{\"@id\":\"https:\/\/excellence-esthetique.fr\/en\/congres-du-01-fevrier-au-04-fevrier-2019-sur-les-rhinoplasties-de-preservation.html#local-main-organization-logo\"},\"image\":{\"@id\":\"https:\/\/excellence-esthetique.fr\/en\/congres-du-01-fevrier-au-04-fevrier-2019-sur-les-rhinoplasties-de-preservation.html#local-main-organization-logo\"},\"address\":{\"@id\":\"https:\/\/excellence-esthetique.fr\/en\/congres-du-01-fevrier-au-04-fevrier-2019-sur-les-rhinoplasties-de-preservation.html#local-main-place-address\"},\"geo\":{\"@type\":\"GeoCoordinates\",\"latitude\":\"48.86772289599891\",\"longitude\":\"2.2794640614090103\"},\"telephone\":[\"+33153663030\"],\"openingHoursSpecification\":{\"@type\":\"OpeningHoursSpecification\",\"dayOfWeek\":[\"Monday\",\"Tuesday\",\"Wednesday\",\"Thursday\",\"Friday\",\"Saturday\",\"Sunday\"],\"opens\":\"00:00\",\"closes\":\"23:59\"},\"areaServed\":\"France\",\"vatID\":\"FR54488777194\",\"taxID\":\"FR54488777194\",\"priceRange\":\"$$$$\"},{\"@type\":\"WebSite\",\"@id\":\"https:\/\/excellence-esthetique.fr\/fr\/#website\",\"url\":\"https:\/\/excellence-esthetique.fr\/fr\/\",\"name\":\"Chirurgien rhinoplastie Paris : Dr Gerbault\",\"description\":\"\",\"publisher\":{\"@id\":\"https:\/\/excellence-esthetique.fr\/fr\/#organization\"},\"potentialAction\":[{\"@type\":\"SearchAction\",\"target\":{\"@type\":\"EntryPoint\",\"urlTemplate\":\"https:\/\/excellence-esthetique.fr\/fr\/?s={search_term_string}\"},\"query-input\":\"required name=search_term_string\"}],\"inLanguage\":\"en-FR\"},{\"@type\":\"ImageObject\",\"@id\":\"https:\/\/excellence-esthetique.fr\/en\/congres-du-01-fevrier-au-04-fevrier-2019-sur-les-rhinoplasties-de-preservation.html#primaryimage\",\"inLanguage\":\"en-FR\",\"url\":\"https:\/\/excellence-esthetique.fr\/wp-content\/uploads\/Congr\u00e8s-du-01-F\u00e9vrier-au-04-F\u00e9vrier-2019-sur-les-Rhinoplasties-de-Pr\u00e9servation.-e1578970828890.jpg\",\"contentUrl\":\"https:\/\/excellence-esthetique.fr\/wp-content\/uploads\/Congr\u00e8s-du-01-F\u00e9vrier-au-04-F\u00e9vrier-2019-sur-les-Rhinoplasties-de-Pr\u00e9servation.-e1578970828890.jpg\",\"width\":533,\"height\":400},{\"@type\":[\"WebPage\",\"MedicalWebPage\"],\"@id\":\"https:\/\/excellence-esthetique.fr\/en\/congres-du-01-fevrier-au-04-fevrier-2019-sur-les-rhinoplasties-de-preservation.html#webpage\",\"url\":\"https:\/\/excellence-esthetique.fr\/en\/congres-du-01-fevrier-au-04-fevrier-2019-sur-les-rhinoplasties-de-preservation.html\",\"name\":\"Dr. Gerbault in Nice, France, for the Preservation Rhinoplasty meeting\",\"isPartOf\":{\"@id\":\"https:\/\/excellence-esthetique.fr\/fr\/#website\"},\"primaryImageOfPage\":{\"@id\":\"https:\/\/excellence-esthetique.fr\/en\/congres-du-01-fevrier-au-04-fevrier-2019-sur-les-rhinoplasties-de-preservation.html#primaryimage\"},\"datePublished\":\"2019-02-05T13:20:33+00:00\",\"dateModified\":\"2020-01-14T03:13:53+00:00\",\"breadcrumb\":{\"@id\":\"https:\/\/excellence-esthetique.fr\/en\/congres-du-01-fevrier-au-04-fevrier-2019-sur-les-rhinoplasties-de-preservation.html#breadcrumb\"},\"inLanguage\":\"en-FR\",\"potentialAction\":[{\"@type\":\"ReadAction\",\"target\":[\"https:\/\/excellence-esthetique.fr\/en\/congres-du-01-fevrier-au-04-fevrier-2019-sur-les-rhinoplasties-de-preservation.html\"]}]},{\"@type\":\"BreadcrumbList\",\"@id\":\"https:\/\/excellence-esthetique.fr\/en\/congres-du-01-fevrier-au-04-fevrier-2019-sur-les-rhinoplasties-de-preservation.html#breadcrumb\",\"itemListElement\":[{\"@type\":\"ListItem\",\"position\":1,\"name\":\"Chirurgie esth\u00e9tique Paris\",\"item\":\"https:\/\/excellence-esthetique.fr\/en\/\"},{\"@type\":\"ListItem\",\"position\":2,\"name\":\"News\",\"item\":\"https:\/\/excellence-esthetique.fr\/en\/news\/\"},{\"@type\":\"ListItem\",\"position\":3,\"name\":\"Dr. Gerbault in Nice, France, for the Preservation Rhinoplasty meeting\"}]},{\"@type\":\"Article\",\"@id\":\"https:\/\/excellence-esthetique.fr\/en\/congres-du-01-fevrier-au-04-fevrier-2019-sur-les-rhinoplasties-de-preservation.html#article\",\"isPartOf\":{\"@id\":\"https:\/\/excellence-esthetique.fr\/en\/congres-du-01-fevrier-au-04-fevrier-2019-sur-les-rhinoplasties-de-preservation.html#webpage\"},\"author\":{\"@id\":\"https:\/\/excellence-esthetique.fr\/fr\/#\/schema\/person\/18e47300fb6bb54eaa76163c6c3d5f86\"},\"headline\":\"Dr. Gerbault in Nice, France, for the Preservation Rhinoplasty meeting\",\"datePublished\":\"2019-02-05T13:20:33+00:00\",\"dateModified\":\"2020-01-14T03:13:53+00:00\",\"mainEntityOfPage\":{\"@id\":\"https:\/\/excellence-esthetique.fr\/en\/congres-du-01-fevrier-au-04-fevrier-2019-sur-les-rhinoplasties-de-preservation.html#webpage\"},\"wordCount\":65,\"commentCount\":0,\"publisher\":{\"@id\":\"https:\/\/excellence-esthetique.fr\/fr\/#organization\"},\"image\":{\"@id\":\"https:\/\/excellence-esthetique.fr\/en\/congres-du-01-fevrier-au-04-fevrier-2019-sur-les-rhinoplasties-de-preservation.html#primaryimage\"},\"thumbnailUrl\":\"https:\/\/excellence-esthetique.fr\/wp-content\/uploads\/Congr\u00e8s-du-01-F\u00e9vrier-au-04-F\u00e9vrier-2019-sur-les-Rhinoplasties-de-Pr\u00e9servation.-e1578970828890.jpg\",\"articleSection\":[\"News\"],\"inLanguage\":\"en-FR\",\"potentialAction\":[{\"@type\":\"CommentAction\",\"name\":\"Comment\",\"target\":[\"https:\/\/excellence-esthetique.fr\/en\/congres-du-01-fevrier-au-04-fevrier-2019-sur-les-rhinoplasties-de-preservation.html#respond\"]}]},{\"@type\":\"Person\",\"@id\":\"https:\/\/excellence-esthetique.fr\/fr\/#\/schema\/person\/18e47300fb6bb54eaa76163c6c3d5f86\",\"name\":\"Dr Olivier Gerbault\",\"sameAs\":[\"https:\/\/excellence-esthetique.fr\/fr\/dr-gerbault\/\",\"https:\/\/www.facebook.com\/Dr.Gerbault\/\",\"https:\/\/www.instagram.com\/dr_gerbault_rhinoplastie_paris\/\",\"https:\/\/www.linkedin.com\/in\/oliviergerbault\/\",\"https:\/\/twitter.com\/Dr_Gerbault\",\"https:\/\/www.youtube.com\/channel\/UCEe5FdN1eZE5T2E_8ndZjfw\"]},{\"@type\":\"PostalAddress\",\"@id\":\"https:\/\/excellence-esthetique.fr\/en\/congres-du-01-fevrier-au-04-fevrier-2019-sur-les-rhinoplasties-de-preservation.html#local-main-place-address\",\"streetAddress\":\"138 avenue Victor Hugo\",\"addressLocality\":\"Paris\",\"postalCode\":\"75116\",\"addressCountry\":\"FR\"},{\"@type\":\"ImageObject\",\"@id\":\"https:\/\/excellence-esthetique.fr\/en\/congres-du-01-fevrier-au-04-fevrier-2019-sur-les-rhinoplasties-de-preservation.html#local-main-organization-logo\",\"inLanguage\":\"en-FR\",\"url\":\"https:\/\/excellence-esthetique.fr\/wp-content\/uploads\/logo.jpg\",\"contentUrl\":\"https:\/\/excellence-esthetique.fr\/wp-content\/uploads\/logo.jpg\",\"width\":600,\"height\":334,\"caption\":\"Chirurgien rhinoplastie Paris : Dr Gerbault\"}]}<\/script>\n<meta name=\"geo.placename\" content=\"Paris\" \/>\n<meta name=\"geo.position\" content=\"48.86772289599891;2.2794640614090103\" \/>\n<meta name=\"geo.region\" content=\"France\" \/>\n<!-- \/ Yoast SEO plugin. -->","yoast_head_json":{"title":"Dr. Gerbault in Nice, France, for the Preservation Rhinoplasty meeting","robots":{"index":"index","follow":"follow","max-snippet":"max-snippet:-1","max-image-preview":"max-image-preview:large","max-video-preview":"max-video-preview:-1"},"canonical":"https:\/\/excellence-esthetique.fr\/en\/congres-du-01-fevrier-au-04-fevrier-2019-sur-les-rhinoplasties-de-preservation.html","og_locale":"en_US","og_type":"article","og_title":"Dr. Gerbault in Nice, France, for the Preservation Rhinoplasty meeting","og_description":"From February 1 to 4, 2019, Doctor Gerbault was in Nice, France, to attend the Preservation Rinoplasty meeting, a congress focused on preservation rhinoplasties, organized by his colleague Dr Yves Saban from Nice. Preservation Rinoplasty 5\/5 - (1 vote)","og_url":"https:\/\/excellence-esthetique.fr\/en\/congres-du-01-fevrier-au-04-fevrier-2019-sur-les-rhinoplasties-de-preservation.html","og_site_name":"Chirurgien rhinoplastie Paris : Dr Gerbault","article_publisher":"https:\/\/www.facebook.com\/Dr.Gerbault\/","article_author":"https:\/\/www.facebook.com\/Dr.Gerbault\/","article_published_time":"2019-02-05T13:20:33+00:00","article_modified_time":"2020-01-14T03:13:53+00:00","og_image":[{"width":533,"height":400,"url":"https:\/\/excellence-esthetique.fr\/wp-content\/uploads\/Congr\u00e8s-du-01-F\u00e9vrier-au-04-F\u00e9vrier-2019-sur-les-Rhinoplasties-de-Pr\u00e9servation.-e1578970828890.jpg","type":"image\/jpeg"}],"twitter_card":"summary_large_image","twitter_creator":"@Dr_Gerbault","twitter_site":"@Dr_Gerbault","twitter_misc":{"Written by":"Dr Olivier Gerbault"},"schema":{"@context":"https:\/\/schema.org","@graph":[{"@type":["Organization","Place","PlasticSurgery"],"@id":"https:\/\/excellence-esthetique.fr\/fr\/#organization","name":"Chirurgien rhinoplastie Paris : Dr Gerbault","url":"https:\/\/excellence-esthetique.fr\/fr\/","sameAs":["https:\/\/www.facebook.com\/Dr.Gerbault\/","https:\/\/www.instagram.com\/dr_gerbault_rhinoplastie_paris\/","https:\/\/www.linkedin.com\/in\/oliviergerbault\/","https:\/\/www.youtube.com\/GERBOLIVIER","https:\/\/twitter.com\/Dr_Gerbault"],"logo":{"@id":"https:\/\/excellence-esthetique.fr\/en\/congres-du-01-fevrier-au-04-fevrier-2019-sur-les-rhinoplasties-de-preservation.html#local-main-organization-logo"},"image":{"@id":"https:\/\/excellence-esthetique.fr\/en\/congres-du-01-fevrier-au-04-fevrier-2019-sur-les-rhinoplasties-de-preservation.html#local-main-organization-logo"},"address":{"@id":"https:\/\/excellence-esthetique.fr\/en\/congres-du-01-fevrier-au-04-fevrier-2019-sur-les-rhinoplasties-de-preservation.html#local-main-place-address"},"geo":{"@type":"GeoCoordinates","latitude":"48.86772289599891","longitude":"2.2794640614090103"},"telephone":["+33153663030","+33153663030"],"openingHoursSpecification":{"@type":"OpeningHoursSpecification","dayOfWeek":["Monday","Tuesday","Wednesday","Thursday","Friday","Saturday","Sunday"],"opens":"00:00","closes":"23:59"},"areaServed":"France","vatID":"FR54488777194","taxID":"FR54488777194","priceRange":"$$$$"},{"@type":"WebSite","@id":"https:\/\/excellence-esthetique.fr\/fr\/#website","url":"https:\/\/excellence-esthetique.fr\/fr\/","name":"Chirurgien rhinoplastie Paris : Dr Gerbault","description":"","publisher":{"@id":"https:\/\/excellence-esthetique.fr\/fr\/#organization"},"potentialAction":[{"@type":"SearchAction","target":{"@type":"EntryPoint","urlTemplate":"https:\/\/excellence-esthetique.fr\/fr\/?s={search_term_string}"},"query-input":"required name=search_term_string"}],"inLanguage":"en-FR"},{"@type":"ImageObject","@id":"https:\/\/excellence-esthetique.fr\/en\/congres-du-01-fevrier-au-04-fevrier-2019-sur-les-rhinoplasties-de-preservation.html#primaryimage","inLanguage":"en-FR","url":"https:\/\/excellence-esthetique.fr\/wp-content\/uploads\/Congr\u00e8s-du-01-F\u00e9vrier-au-04-F\u00e9vrier-2019-sur-les-Rhinoplasties-de-Pr\u00e9servation.-e1578970828890.jpg","contentUrl":"https:\/\/excellence-esthetique.fr\/wp-content\/uploads\/Congr\u00e8s-du-01-F\u00e9vrier-au-04-F\u00e9vrier-2019-sur-les-Rhinoplasties-de-Pr\u00e9servation.-e1578970828890.jpg","width":533,"height":400},{"@type":["WebPage","MedicalWebPage"],"@id":"https:\/\/excellence-esthetique.fr\/en\/congres-du-01-fevrier-au-04-fevrier-2019-sur-les-rhinoplasties-de-preservation.html#webpage","url":"https:\/\/excellence-esthetique.fr\/en\/congres-du-01-fevrier-au-04-fevrier-2019-sur-les-rhinoplasties-de-preservation.html","name":"Dr. Gerbault in Nice, France, for the Preservation Rhinoplasty meeting","isPartOf":{"@id":"https:\/\/excellence-esthetique.fr\/fr\/#website"},"primaryImageOfPage":{"@id":"https:\/\/excellence-esthetique.fr\/en\/congres-du-01-fevrier-au-04-fevrier-2019-sur-les-rhinoplasties-de-preservation.html#primaryimage"},"datePublished":"2019-02-05T13:20:33+00:00","dateModified":"2020-01-14T03:13:53+00:00","breadcrumb":{"@id":"https:\/\/excellence-esthetique.fr\/en\/congres-du-01-fevrier-au-04-fevrier-2019-sur-les-rhinoplasties-de-preservation.html#breadcrumb"},"inLanguage":"en-FR","potentialAction":[{"@type":"ReadAction","target":["https:\/\/excellence-esthetique.fr\/en\/congres-du-01-fevrier-au-04-fevrier-2019-sur-les-rhinoplasties-de-preservation.html"]}]},{"@type":"BreadcrumbList","@id":"https:\/\/excellence-esthetique.fr\/en\/congres-du-01-fevrier-au-04-fevrier-2019-sur-les-rhinoplasties-de-preservation.html#breadcrumb","itemListElement":[{"@type":"ListItem","position":1,"name":"Chirurgie esth\u00e9tique Paris","item":"https:\/\/excellence-esthetique.fr\/en\/"},{"@type":"ListItem","position":2,"name":"News","item":"https:\/\/excellence-esthetique.fr\/en\/news\/"},{"@type":"ListItem","position":3,"name":"Dr. Gerbault in Nice, France, for the Preservation Rhinoplasty meeting"}]},{"@type":"Article","@id":"https:\/\/excellence-esthetique.fr\/en\/congres-du-01-fevrier-au-04-fevrier-2019-sur-les-rhinoplasties-de-preservation.html#article","isPartOf":{"@id":"https:\/\/excellence-esthetique.fr\/en\/congres-du-01-fevrier-au-04-fevrier-2019-sur-les-rhinoplasties-de-preservation.html#webpage"},"author":{"@id":"https:\/\/excellence-esthetique.fr\/fr\/#\/schema\/person\/18e47300fb6bb54eaa76163c6c3d5f86"},"headline":"Dr. Gerbault in Nice, France, for the Preservation Rhinoplasty meeting","datePublished":"2019-02-05T13:20:33+00:00","dateModified":"2020-01-14T03:13:53+00:00","mainEntityOfPage":{"@id":"https:\/\/excellence-esthetique.fr\/en\/congres-du-01-fevrier-au-04-fevrier-2019-sur-les-rhinoplasties-de-preservation.html#webpage"},"wordCount":65,"commentCount":0,"publisher":{"@id":"https:\/\/excellence-esthetique.fr\/fr\/#organization"},"image":{"@id":"https:\/\/excellence-esthetique.fr\/en\/congres-du-01-fevrier-au-04-fevrier-2019-sur-les-rhinoplasties-de-preservation.html#primaryimage"},"thumbnailUrl":"https:\/\/excellence-esthetique.fr\/wp-content\/uploads\/Congr\u00e8s-du-01-F\u00e9vrier-au-04-F\u00e9vrier-2019-sur-les-Rhinoplasties-de-Pr\u00e9servation.-e1578970828890.jpg","articleSection":["News"],"inLanguage":"en-FR","potentialAction":[{"@type":"CommentAction","name":"Comment","target":["https:\/\/excellence-esthetique.fr\/en\/congres-du-01-fevrier-au-04-fevrier-2019-sur-les-rhinoplasties-de-preservation.html#respond"]}]},{"@type":"Person","@id":"https:\/\/excellence-esthetique.fr\/fr\/#\/schema\/person\/18e47300fb6bb54eaa76163c6c3d5f86","name":"Dr Olivier Gerbault","sameAs":["https:\/\/excellence-esthetique.fr\/fr\/dr-gerbault\/","https:\/\/www.facebook.com\/Dr.Gerbault\/","https:\/\/www.instagram.com\/dr_gerbault_rhinoplastie_paris\/","https:\/\/www.linkedin.com\/in\/oliviergerbault\/","https:\/\/twitter.com\/Dr_Gerbault","https:\/\/www.youtube.com\/channel\/UCEe5FdN1eZE5T2E_8ndZjfw"]},{"@type":"PostalAddress","@id":"https:\/\/excellence-esthetique.fr\/en\/congres-du-01-fevrier-au-04-fevrier-2019-sur-les-rhinoplasties-de-preservation.html#local-main-place-address","streetAddress":"138 avenue Victor Hugo","addressLocality":"Paris","postalCode":"75116","addressCountry":"FR"},{"@type":"ImageObject","@id":"https:\/\/excellence-esthetique.fr\/en\/congres-du-01-fevrier-au-04-fevrier-2019-sur-les-rhinoplasties-de-preservation.html#local-main-organization-logo","inLanguage":"en-FR","url":"https:\/\/excellence-esthetique.fr\/wp-content\/uploads\/logo.jpg","contentUrl":"https:\/\/excellence-esthetique.fr\/wp-content\/uploads\/logo.jpg","width":600,"height":334,"caption":"Chirurgien rhinoplastie Paris : Dr Gerbault"}]},"geo.placename":"Paris","geo.position":{"lat":"48.86772289599891","long":"2.2794640614090103"},"geo.region":"France"},"_links":{"self":[{"href":"https:\/\/excellence-esthetique.fr\/en\/wp-json\/wp\/v2\/posts\/16928"}],"collection":[{"href":"https:\/\/excellence-esthetique.fr\/en\/wp-json\/wp\/v2\/posts"}],"about":[{"href":"https:\/\/excellence-esthetique.fr\/en\/wp-json\/wp\/v2\/types\/post"}],"author":[{"embeddable":true,"href":"https:\/\/excellence-esthetique.fr\/en\/wp-json\/wp\/v2\/users\/5"}],"replies":[{"embeddable":true,"href":"https:\/\/excellence-esthetique.fr\/en\/wp-json\/wp\/v2\/comments?post=16928"}],"version-history":[{"count":0,"href":"https:\/\/excellence-esthetique.fr\/en\/wp-json\/wp\/v2\/posts\/16928\/revisions"}],"wp:featuredmedia":[{"embeddable":true,"href":"https:\/\/excellence-esthetique.fr\/en\/wp-json\/wp\/v2\/media\/16930"}],"wp:attachment":[{"href":"https:\/\/excellence-esthetique.fr\/en\/wp-json\/wp\/v2\/media?parent=16928"}],"wp:term":[{"taxonomy":"category","embeddable":true,"href":"https:\/\/excellence-esthetique.fr\/en\/wp-json\/wp\/v2\/categories?post=16928"},{"taxonomy":"post_tag","embeddable":true,"href":"https:\/\/excellence-esthetique.fr\/en\/wp-json\/wp\/v2\/tags?post=16928"}],"curies":[{"name":"wp","href":"https:\/\/api.w.org\/{rel}","templated":true}]}}