{"id":16141,"date":"2019-08-10T02:27:01","date_gmt":"2019-08-10T01:27:01","guid":{"rendered":"https:\/\/excellence-esthetique.fr\/?p=16141"},"modified":"2022-02-09T04:07:02","modified_gmt":"2022-02-09T03:07:02","slug":"le-dr-gerbault-invite-en-colombie-pour-le-congres-imcas-americas-2019","status":"publish","type":"post","link":"https:\/\/excellence-esthetique.fr\/fr\/le-dr-gerbault-invite-en-colombie-pour-le-congres-imcas-americas-2019.html","title":{"rendered":"Le Dr Gerbault invit\u00e9 en Colombie pour le congr\u00e8s IMCAS Americas 2019"},"content":{"rendered":"<hr>\n<h2>L\u2019<a href=\"https:\/\/www.imcas.com\/en\">IMCAS<\/a> : le meeting multidisciplinaire sur l\u2019esth\u00e9tique le plus ancien et renomm\u00e9<\/h2>\n<p>D\u00e9but\u00e9 il y a plus de 20 ans \u00e0 Paris, ce congr\u00e8s s\u2019est export\u00e9 \u00e0 l\u2019\u00e9tranger, d\u2019abord en Asie puis en Am\u00e9rique du Sud. Cette 3\u00e8me \u00e9dition de l'<strong>IMCAS Americas<\/strong> s'est d\u00e9roul\u00e9e \u00e0 Carthag\u00e8ne des Indes en Colombie : le Docteur Gerbault y \u00e9tait invit\u00e9 pour parler des derni\u00e8res avanc\u00e9es en <strong>rhinoplastie ultrasonique<\/strong>, mais aussi des <strong>complications en rhinoplastie<\/strong> et enfin pr\u00e9senter l\u2019intervention d\u00e9taill\u00e9e d'une patiente op\u00e9r\u00e9e en direct en F\u00e9vrier 2019 lors de la journ\u00e9e live coorganis\u00e9e par l\u2019IMCAS et l\u2019<a href=\"https:\/\/www.isaps.org\/fr\/\">ISAPS<\/a>.<\/p>\n<figure id=\"attachment_16143\" aria-describedby=\"caption-attachment-16143\" style=\"width: 400px\" class=\"wp-caption aligncenter\"><img loading=\"lazy\" class=\"wp-image-16143\" title=\"Le Docteur Gerbault lors de l'une de ses lectures\" src=\"https:\/\/excellence-esthetique.fr\/wp-content\/uploads\/20190802_154303158_iOS.jpg\" alt=\"Le Docteur Gerbault lors de l'une de ses lectures\" width=\"400\" height=\"400\" srcset=\"https:\/\/excellence-esthetique.fr\/wp-content\/uploads\/20190802_154303158_iOS.jpg 2606w, https:\/\/excellence-esthetique.fr\/wp-content\/uploads\/20190802_154303158_iOS-150x150.jpg 150w, https:\/\/excellence-esthetique.fr\/wp-content\/uploads\/20190802_154303158_iOS-350x350.jpg 350w, https:\/\/excellence-esthetique.fr\/wp-content\/uploads\/20190802_154303158_iOS-520x520.jpg 520w, https:\/\/excellence-esthetique.fr\/wp-content\/uploads\/20190802_154303158_iOS-1024x1024.jpg 1024w\" sizes=\"(max-width: 400px) 100vw, 400px\"><figcaption id=\"caption-attachment-16143\" class=\"wp-caption-text\">Le Docteur Gerbault lors de l'une de ses lectures.<\/figcaption><\/figure>\n<p><em>Le programme du congr\u00e8s en d\u00e9tail est \u00e0 retrouver sur le lien suivant :\u00a0<\/em><a href=\"https:\/\/assets.imcas.com\/congresses\/americas2019\/en_program.pdf\">Scientific Program<\/a>.<\/p>\n<hr>\n<p style=\"text-align: center;\"><em>Date de publication : <time datetime=\"2019-08-10\">10 ao\u00fbt 2019<\/time><\/em><\/p>\n\n<div class=\"kk-star-ratings\n     kksr-valign-bottom     kksr-align-center    \"\n    data-payload=\"{&quot;align&quot;:&quot;center&quot;,&quot;id&quot;:&quot;16141&quot;,&quot;slug&quot;:&quot;default&quot;,&quot;valign&quot;:&quot;bottom&quot;,&quot;reference&quot;:&quot;auto&quot;,&quot;count&quot;:&quot;21&quot;,&quot;readonly&quot;:&quot;&quot;,&quot;score&quot;:&quot;5&quot;,&quot;best&quot;:&quot;5&quot;,&quot;gap&quot;:&quot;4&quot;,&quot;greet&quot;:&quot;Noter cette page&quot;,&quot;legend&quot;:&quot;5\\\/5 - (21 votes)&quot;,&quot;size&quot;:&quot;14&quot;,&quot;width&quot;:&quot;88&quot;,&quot;_legend&quot;:&quot;{score}\\\/{best} - ({count} {votes})&quot;}\">\n    \n<div class=\"kksr-stars\">\n    \n<div class=\"kksr-stars-inactive\">\n            <div class=\"kksr-star\" data-star=\"1\" style=\"padding-right: 4px\">\n            \n\n<div class=\"kksr-icon\" style=\"width: 14px; height: 14px;\"><\/div>\n        <\/div>\n            <div class=\"kksr-star\" data-star=\"2\" style=\"padding-right: 4px\">\n            \n\n<div class=\"kksr-icon\" style=\"width: 14px; height: 14px;\"><\/div>\n        <\/div>\n            <div class=\"kksr-star\" data-star=\"3\" style=\"padding-right: 4px\">\n            \n\n<div class=\"kksr-icon\" style=\"width: 14px; height: 14px;\"><\/div>\n        <\/div>\n            <div class=\"kksr-star\" data-star=\"4\" style=\"padding-right: 4px\">\n            \n\n<div class=\"kksr-icon\" style=\"width: 14px; height: 14px;\"><\/div>\n        <\/div>\n            <div class=\"kksr-star\" data-star=\"5\" style=\"padding-right: 4px\">\n            \n\n<div class=\"kksr-icon\" style=\"width: 14px; height: 14px;\"><\/div>\n        <\/div>\n    <\/div>\n    \n<div class=\"kksr-stars-active\" style=\"width: 88px;\">\n            <div class=\"kksr-star\" style=\"padding-right: 4px\">\n            \n\n<div class=\"kksr-icon\" style=\"width: 14px; height: 14px;\"><\/div>\n        <\/div>\n            <div class=\"kksr-star\" style=\"padding-right: 4px\">\n            \n\n<div class=\"kksr-icon\" style=\"width: 14px; height: 14px;\"><\/div>\n        <\/div>\n            <div class=\"kksr-star\" style=\"padding-right: 4px\">\n            \n\n<div class=\"kksr-icon\" style=\"width: 14px; height: 14px;\"><\/div>\n        <\/div>\n            <div class=\"kksr-star\" style=\"padding-right: 4px\">\n            \n\n<div class=\"kksr-icon\" style=\"width: 14px; height: 14px;\"><\/div>\n        <\/div>\n            <div class=\"kksr-star\" style=\"padding-right: 4px\">\n            \n\n<div class=\"kksr-icon\" style=\"width: 14px; height: 14px;\"><\/div>\n        <\/div>\n    <\/div>\n<\/div>\n    \n<div class=\"kksr-legend\">\n            5\/5 - (21 votes)    <\/div>\n<\/div>\n\n\n","protected":false},"excerpt":{"rendered":"<p>L\u2019IMCAS : le meeting multidisciplinaire sur l\u2019esth\u00e9tique le plus ancien et renomm\u00e9 D\u00e9but\u00e9 il y a plus de 20 ans \u00e0 Paris, ce congr\u00e8s s\u2019est export\u00e9 \u00e0 l\u2019\u00e9tranger, d\u2019abord en Asie puis en Am\u00e9rique du Sud. Cette 3\u00e8me \u00e9dition de l&rsquo;IMCAS Americas s&rsquo;est d\u00e9roul\u00e9e \u00e0 Carthag\u00e8ne des Indes en Colombie : le Docteur Gerbault y&#8230;<\/p>\n","protected":false},"author":5,"featured_media":16142,"comment_status":"open","ping_status":"closed","sticky":false,"template":"","format":"standard","meta":[],"categories":[172],"tags":[],"acf":[],"yoast_head":"<!-- This site is optimized with the Yoast SEO plugin v18.3 - https:\/\/yoast.com\/wordpress\/plugins\/seo\/ -->\n<title>Le Dr Gerbault invit\u00e9 en Colombie pour le congr\u00e8s IMCAS Americas 2019<\/title>\n<meta name=\"robots\" content=\"index, follow, max-snippet:-1, max-image-preview:large, max-video-preview:-1\" \/>\n<link rel=\"canonical\" href=\"https:\/\/excellence-esthetique.fr\/fr\/le-dr-gerbault-invite-en-colombie-pour-le-congres-imcas-americas-2019.html\" \/>\n<meta property=\"og:locale\" content=\"fr_FR\" \/>\n<meta property=\"og:type\" content=\"article\" \/>\n<meta property=\"og:title\" content=\"Le Dr Gerbault invit\u00e9 en Colombie pour le congr\u00e8s IMCAS Americas 2019\" \/>\n<meta property=\"og:description\" content=\"L\u2019IMCAS : le meeting multidisciplinaire sur l\u2019esth\u00e9tique le plus ancien et renomm\u00e9 D\u00e9but\u00e9 il y a plus de 20 ans \u00e0 Paris, ce congr\u00e8s s\u2019est export\u00e9 \u00e0 l\u2019\u00e9tranger, d\u2019abord en Asie puis en Am\u00e9rique du Sud. Cette 3\u00e8me \u00e9dition de l&#039;IMCAS Americas s&#039;est d\u00e9roul\u00e9e \u00e0 Carthag\u00e8ne des Indes en Colombie : le Docteur Gerbault y...\" \/>\n<meta property=\"og:url\" content=\"https:\/\/excellence-esthetique.fr\/fr\/le-dr-gerbault-invite-en-colombie-pour-le-congres-imcas-americas-2019.html\" \/>\n<meta property=\"og:site_name\" content=\"Chirurgien rhinoplastie Paris : Dr Gerbault\" \/>\n<meta property=\"article:publisher\" content=\"https:\/\/www.facebook.com\/Dr.Gerbault\/\" \/>\n<meta property=\"article:author\" content=\"https:\/\/www.facebook.com\/Dr.Gerbault\/\" \/>\n<meta property=\"article:published_time\" content=\"2019-08-10T01:27:01+00:00\" \/>\n<meta property=\"article:modified_time\" content=\"2022-02-09T03:07:02+00:00\" \/>\n<meta property=\"og:image\" content=\"https:\/\/excellence-esthetique.fr\/wp-content\/uploads\/postreseaux-e1565400475534.jpg\" \/>\n\t<meta property=\"og:image:width\" content=\"616\" \/>\n\t<meta property=\"og:image:height\" content=\"400\" \/>\n\t<meta property=\"og:image:type\" content=\"image\/jpeg\" \/>\n<meta name=\"twitter:card\" content=\"summary_large_image\" \/>\n<meta name=\"twitter:creator\" content=\"@Dr_Gerbault\" \/>\n<meta name=\"twitter:site\" content=\"@Dr_Gerbault\" \/>\n<meta name=\"twitter:label1\" content=\"\u00c9crit par\" \/>\n\t<meta name=\"twitter:data1\" content=\"Dr Olivier Gerbault\" \/>\n\t<meta name=\"twitter:label2\" content=\"Dur\u00e9e de lecture estim\u00e9e\" \/>\n\t<meta name=\"twitter:data2\" content=\"1 minute\" \/>\n<script type=\"application\/ld+json\" class=\"yoast-schema-graph\">{\"@context\":\"https:\/\/schema.org\",\"@graph\":[{\"@type\":[\"Organization\",\"Place\",\"PlasticSurgery\"],\"@id\":\"https:\/\/excellence-esthetique.fr\/fr\/#organization\",\"name\":\"Chirurgien rhinoplastie Paris : Dr Gerbault\",\"url\":\"https:\/\/excellence-esthetique.fr\/fr\/\",\"sameAs\":[\"https:\/\/www.facebook.com\/Dr.Gerbault\/\",\"https:\/\/www.instagram.com\/dr_gerbault_rhinoplastie_paris\/\",\"https:\/\/www.linkedin.com\/in\/oliviergerbault\/\",\"https:\/\/www.youtube.com\/GERBOLIVIER\",\"https:\/\/twitter.com\/Dr_Gerbault\"],\"logo\":{\"@id\":\"https:\/\/excellence-esthetique.fr\/fr\/le-dr-gerbault-invite-en-colombie-pour-le-congres-imcas-americas-2019.html#local-main-organization-logo\"},\"image\":{\"@id\":\"https:\/\/excellence-esthetique.fr\/fr\/le-dr-gerbault-invite-en-colombie-pour-le-congres-imcas-americas-2019.html#local-main-organization-logo\"},\"address\":{\"@id\":\"https:\/\/excellence-esthetique.fr\/fr\/le-dr-gerbault-invite-en-colombie-pour-le-congres-imcas-americas-2019.html#local-main-place-address\"},\"geo\":{\"@type\":\"GeoCoordinates\",\"latitude\":\"48.86772289599891\",\"longitude\":\"2.2794640614090103\"},\"telephone\":[\"+33153663030\"],\"openingHoursSpecification\":{\"@type\":\"OpeningHoursSpecification\",\"dayOfWeek\":[\"Monday\",\"Tuesday\",\"Wednesday\",\"Thursday\",\"Friday\",\"Saturday\",\"Sunday\"],\"opens\":\"00:00\",\"closes\":\"23:59\"},\"areaServed\":\"France\",\"vatID\":\"FR54488777194\",\"taxID\":\"FR54488777194\",\"priceRange\":\"$$$$\"},{\"@type\":\"WebSite\",\"@id\":\"https:\/\/excellence-esthetique.fr\/fr\/#website\",\"url\":\"https:\/\/excellence-esthetique.fr\/fr\/\",\"name\":\"Chirurgien rhinoplastie Paris : Dr Gerbault\",\"description\":\"\",\"publisher\":{\"@id\":\"https:\/\/excellence-esthetique.fr\/fr\/#organization\"},\"potentialAction\":[{\"@type\":\"SearchAction\",\"target\":{\"@type\":\"EntryPoint\",\"urlTemplate\":\"https:\/\/excellence-esthetique.fr\/fr\/?s={search_term_string}\"},\"query-input\":\"required name=search_term_string\"}],\"inLanguage\":\"fr-FR\"},{\"@type\":\"ImageObject\",\"@id\":\"https:\/\/excellence-esthetique.fr\/fr\/le-dr-gerbault-invite-en-colombie-pour-le-congres-imcas-americas-2019.html#primaryimage\",\"inLanguage\":\"fr-FR\",\"url\":\"https:\/\/excellence-esthetique.fr\/wp-content\/uploads\/postreseaux-e1565400475534.jpg\",\"contentUrl\":\"https:\/\/excellence-esthetique.fr\/wp-content\/uploads\/postreseaux-e1565400475534.jpg\",\"width\":616,\"height\":400,\"caption\":\"IMCAS AMERICAS\"},{\"@type\":[\"WebPage\",\"MedicalWebPage\"],\"@id\":\"https:\/\/excellence-esthetique.fr\/fr\/le-dr-gerbault-invite-en-colombie-pour-le-congres-imcas-americas-2019.html#webpage\",\"url\":\"https:\/\/excellence-esthetique.fr\/fr\/le-dr-gerbault-invite-en-colombie-pour-le-congres-imcas-americas-2019.html\",\"name\":\"Le Dr Gerbault invit\u00e9 en Colombie pour le congr\u00e8s IMCAS Americas 2019\",\"isPartOf\":{\"@id\":\"https:\/\/excellence-esthetique.fr\/fr\/#website\"},\"primaryImageOfPage\":{\"@id\":\"https:\/\/excellence-esthetique.fr\/fr\/le-dr-gerbault-invite-en-colombie-pour-le-congres-imcas-americas-2019.html#primaryimage\"},\"datePublished\":\"2019-08-10T01:27:01+00:00\",\"dateModified\":\"2022-02-09T03:07:02+00:00\",\"breadcrumb\":{\"@id\":\"https:\/\/excellence-esthetique.fr\/fr\/le-dr-gerbault-invite-en-colombie-pour-le-congres-imcas-americas-2019.html#breadcrumb\"},\"inLanguage\":\"fr-FR\",\"potentialAction\":[{\"@type\":\"ReadAction\",\"target\":[\"https:\/\/excellence-esthetique.fr\/fr\/le-dr-gerbault-invite-en-colombie-pour-le-congres-imcas-americas-2019.html\"]}]},{\"@type\":\"BreadcrumbList\",\"@id\":\"https:\/\/excellence-esthetique.fr\/fr\/le-dr-gerbault-invite-en-colombie-pour-le-congres-imcas-americas-2019.html#breadcrumb\",\"itemListElement\":[{\"@type\":\"ListItem\",\"position\":1,\"name\":\"Chirurgie esth\u00e9tique Paris\",\"item\":\"https:\/\/excellence-esthetique.fr\/fr\"},{\"@type\":\"ListItem\",\"position\":2,\"name\":\"Actualit\u00e9s\",\"item\":\"https:\/\/excellence-esthetique.fr\/fr\/blog\/\"},{\"@type\":\"ListItem\",\"position\":3,\"name\":\"Le Dr Gerbault invit\u00e9 en Colombie pour le congr\u00e8s IMCAS Americas 2019\"}]},{\"@type\":\"Article\",\"@id\":\"https:\/\/excellence-esthetique.fr\/fr\/le-dr-gerbault-invite-en-colombie-pour-le-congres-imcas-americas-2019.html#article\",\"isPartOf\":{\"@id\":\"https:\/\/excellence-esthetique.fr\/fr\/le-dr-gerbault-invite-en-colombie-pour-le-congres-imcas-americas-2019.html#webpage\"},\"author\":{\"@id\":\"https:\/\/excellence-esthetique.fr\/fr\/#\/schema\/person\/18e47300fb6bb54eaa76163c6c3d5f86\"},\"headline\":\"Le Dr Gerbault invit\u00e9 en Colombie pour le congr\u00e8s IMCAS Americas 2019\",\"datePublished\":\"2019-08-10T01:27:01+00:00\",\"dateModified\":\"2022-02-09T03:07:02+00:00\",\"mainEntityOfPage\":{\"@id\":\"https:\/\/excellence-esthetique.fr\/fr\/le-dr-gerbault-invite-en-colombie-pour-le-congres-imcas-americas-2019.html#webpage\"},\"wordCount\":161,\"commentCount\":0,\"publisher\":{\"@id\":\"https:\/\/excellence-esthetique.fr\/fr\/#organization\"},\"image\":{\"@id\":\"https:\/\/excellence-esthetique.fr\/fr\/le-dr-gerbault-invite-en-colombie-pour-le-congres-imcas-americas-2019.html#primaryimage\"},\"thumbnailUrl\":\"https:\/\/excellence-esthetique.fr\/wp-content\/uploads\/postreseaux-e1565400475534.jpg\",\"articleSection\":[\"Actualit\u00e9s\"],\"inLanguage\":\"fr-FR\",\"potentialAction\":[{\"@type\":\"CommentAction\",\"name\":\"Comment\",\"target\":[\"https:\/\/excellence-esthetique.fr\/fr\/le-dr-gerbault-invite-en-colombie-pour-le-congres-imcas-americas-2019.html#respond\"]}]},{\"@type\":\"Person\",\"@id\":\"https:\/\/excellence-esthetique.fr\/fr\/#\/schema\/person\/18e47300fb6bb54eaa76163c6c3d5f86\",\"name\":\"Dr Olivier Gerbault\",\"sameAs\":[\"https:\/\/excellence-esthetique.fr\/fr\/dr-gerbault\/\",\"https:\/\/www.facebook.com\/Dr.Gerbault\/\",\"https:\/\/www.instagram.com\/dr_gerbault_rhinoplastie_paris\/\",\"https:\/\/www.linkedin.com\/in\/oliviergerbault\/\",\"https:\/\/twitter.com\/Dr_Gerbault\",\"https:\/\/www.youtube.com\/channel\/UCEe5FdN1eZE5T2E_8ndZjfw\"]},{\"@type\":\"PostalAddress\",\"@id\":\"https:\/\/excellence-esthetique.fr\/fr\/le-dr-gerbault-invite-en-colombie-pour-le-congres-imcas-americas-2019.html#local-main-place-address\",\"streetAddress\":\"138 avenue Victor Hugo\",\"addressLocality\":\"Paris\",\"postalCode\":\"75116\",\"addressCountry\":\"FR\"},{\"@type\":\"ImageObject\",\"@id\":\"https:\/\/excellence-esthetique.fr\/fr\/le-dr-gerbault-invite-en-colombie-pour-le-congres-imcas-americas-2019.html#local-main-organization-logo\",\"inLanguage\":\"fr-FR\",\"url\":\"https:\/\/excellence-esthetique.fr\/wp-content\/uploads\/logo.jpg\",\"contentUrl\":\"https:\/\/excellence-esthetique.fr\/wp-content\/uploads\/logo.jpg\",\"width\":600,\"height\":334,\"caption\":\"Chirurgien rhinoplastie Paris : Dr Gerbault\"}]}<\/script>\n<meta name=\"geo.placename\" content=\"Paris\" \/>\n<meta name=\"geo.position\" content=\"48.86772289599891;2.2794640614090103\" \/>\n<meta name=\"geo.region\" content=\"France\" \/>\n<!-- \/ Yoast SEO plugin. -->","yoast_head_json":{"title":"Le Dr Gerbault invit\u00e9 en Colombie pour le congr\u00e8s IMCAS Americas 2019","robots":{"index":"index","follow":"follow","max-snippet":"max-snippet:-1","max-image-preview":"max-image-preview:large","max-video-preview":"max-video-preview:-1"},"canonical":"https:\/\/excellence-esthetique.fr\/fr\/le-dr-gerbault-invite-en-colombie-pour-le-congres-imcas-americas-2019.html","og_locale":"fr_FR","og_type":"article","og_title":"Le Dr Gerbault invit\u00e9 en Colombie pour le congr\u00e8s IMCAS Americas 2019","og_description":"L\u2019IMCAS : le meeting multidisciplinaire sur l\u2019esth\u00e9tique le plus ancien et renomm\u00e9 D\u00e9but\u00e9 il y a plus de 20 ans \u00e0 Paris, ce congr\u00e8s s\u2019est export\u00e9 \u00e0 l\u2019\u00e9tranger, d\u2019abord en Asie puis en Am\u00e9rique du Sud. Cette 3\u00e8me \u00e9dition de l'IMCAS Americas s'est d\u00e9roul\u00e9e \u00e0 Carthag\u00e8ne des Indes en Colombie : le Docteur Gerbault y...","og_url":"https:\/\/excellence-esthetique.fr\/fr\/le-dr-gerbault-invite-en-colombie-pour-le-congres-imcas-americas-2019.html","og_site_name":"Chirurgien rhinoplastie Paris : Dr Gerbault","article_publisher":"https:\/\/www.facebook.com\/Dr.Gerbault\/","article_author":"https:\/\/www.facebook.com\/Dr.Gerbault\/","article_published_time":"2019-08-10T01:27:01+00:00","article_modified_time":"2022-02-09T03:07:02+00:00","og_image":[{"width":616,"height":400,"url":"https:\/\/excellence-esthetique.fr\/wp-content\/uploads\/postreseaux-e1565400475534.jpg","type":"image\/jpeg"}],"twitter_card":"summary_large_image","twitter_creator":"@Dr_Gerbault","twitter_site":"@Dr_Gerbault","twitter_misc":{"\u00c9crit par":"Dr Olivier Gerbault","Dur\u00e9e de lecture estim\u00e9e":"1 minute"},"schema":{"@context":"https:\/\/schema.org","@graph":[{"@type":["Organization","Place","PlasticSurgery"],"@id":"https:\/\/excellence-esthetique.fr\/fr\/#organization","name":"Chirurgien rhinoplastie Paris : Dr Gerbault","url":"https:\/\/excellence-esthetique.fr\/fr\/","sameAs":["https:\/\/www.facebook.com\/Dr.Gerbault\/","https:\/\/www.instagram.com\/dr_gerbault_rhinoplastie_paris\/","https:\/\/www.linkedin.com\/in\/oliviergerbault\/","https:\/\/www.youtube.com\/GERBOLIVIER","https:\/\/twitter.com\/Dr_Gerbault"],"logo":{"@id":"https:\/\/excellence-esthetique.fr\/fr\/le-dr-gerbault-invite-en-colombie-pour-le-congres-imcas-americas-2019.html#local-main-organization-logo"},"image":{"@id":"https:\/\/excellence-esthetique.fr\/fr\/le-dr-gerbault-invite-en-colombie-pour-le-congres-imcas-americas-2019.html#local-main-organization-logo"},"address":{"@id":"https:\/\/excellence-esthetique.fr\/fr\/le-dr-gerbault-invite-en-colombie-pour-le-congres-imcas-americas-2019.html#local-main-place-address"},"geo":{"@type":"GeoCoordinates","latitude":"48.86772289599891","longitude":"2.2794640614090103"},"telephone":["+33153663030","+33153663030"],"openingHoursSpecification":{"@type":"OpeningHoursSpecification","dayOfWeek":["Monday","Tuesday","Wednesday","Thursday","Friday","Saturday","Sunday"],"opens":"00:00","closes":"23:59"},"areaServed":"France","vatID":"FR54488777194","taxID":"FR54488777194","priceRange":"$$$$"},{"@type":"WebSite","@id":"https:\/\/excellence-esthetique.fr\/fr\/#website","url":"https:\/\/excellence-esthetique.fr\/fr\/","name":"Chirurgien rhinoplastie Paris : Dr Gerbault","description":"","publisher":{"@id":"https:\/\/excellence-esthetique.fr\/fr\/#organization"},"potentialAction":[{"@type":"SearchAction","target":{"@type":"EntryPoint","urlTemplate":"https:\/\/excellence-esthetique.fr\/fr\/?s={search_term_string}"},"query-input":"required name=search_term_string"}],"inLanguage":"fr-FR"},{"@type":"ImageObject","@id":"https:\/\/excellence-esthetique.fr\/fr\/le-dr-gerbault-invite-en-colombie-pour-le-congres-imcas-americas-2019.html#primaryimage","inLanguage":"fr-FR","url":"https:\/\/excellence-esthetique.fr\/wp-content\/uploads\/postreseaux-e1565400475534.jpg","contentUrl":"https:\/\/excellence-esthetique.fr\/wp-content\/uploads\/postreseaux-e1565400475534.jpg","width":616,"height":400,"caption":"IMCAS AMERICAS"},{"@type":["WebPage","MedicalWebPage"],"@id":"https:\/\/excellence-esthetique.fr\/fr\/le-dr-gerbault-invite-en-colombie-pour-le-congres-imcas-americas-2019.html#webpage","url":"https:\/\/excellence-esthetique.fr\/fr\/le-dr-gerbault-invite-en-colombie-pour-le-congres-imcas-americas-2019.html","name":"Le Dr Gerbault invit\u00e9 en Colombie pour le congr\u00e8s IMCAS Americas 2019","isPartOf":{"@id":"https:\/\/excellence-esthetique.fr\/fr\/#website"},"primaryImageOfPage":{"@id":"https:\/\/excellence-esthetique.fr\/fr\/le-dr-gerbault-invite-en-colombie-pour-le-congres-imcas-americas-2019.html#primaryimage"},"datePublished":"2019-08-10T01:27:01+00:00","dateModified":"2022-02-09T03:07:02+00:00","breadcrumb":{"@id":"https:\/\/excellence-esthetique.fr\/fr\/le-dr-gerbault-invite-en-colombie-pour-le-congres-imcas-americas-2019.html#breadcrumb"},"inLanguage":"fr-FR","potentialAction":[{"@type":"ReadAction","target":["https:\/\/excellence-esthetique.fr\/fr\/le-dr-gerbault-invite-en-colombie-pour-le-congres-imcas-americas-2019.html"]}]},{"@type":"BreadcrumbList","@id":"https:\/\/excellence-esthetique.fr\/fr\/le-dr-gerbault-invite-en-colombie-pour-le-congres-imcas-americas-2019.html#breadcrumb","itemListElement":[{"@type":"ListItem","position":1,"name":"Chirurgie esth\u00e9tique Paris","item":"https:\/\/excellence-esthetique.fr\/fr"},{"@type":"ListItem","position":2,"name":"Actualit\u00e9s","item":"https:\/\/excellence-esthetique.fr\/fr\/blog\/"},{"@type":"ListItem","position":3,"name":"Le Dr Gerbault invit\u00e9 en Colombie pour le congr\u00e8s IMCAS Americas 2019"}]},{"@type":"Article","@id":"https:\/\/excellence-esthetique.fr\/fr\/le-dr-gerbault-invite-en-colombie-pour-le-congres-imcas-americas-2019.html#article","isPartOf":{"@id":"https:\/\/excellence-esthetique.fr\/fr\/le-dr-gerbault-invite-en-colombie-pour-le-congres-imcas-americas-2019.html#webpage"},"author":{"@id":"https:\/\/excellence-esthetique.fr\/fr\/#\/schema\/person\/18e47300fb6bb54eaa76163c6c3d5f86"},"headline":"Le Dr Gerbault invit\u00e9 en Colombie pour le congr\u00e8s IMCAS Americas 2019","datePublished":"2019-08-10T01:27:01+00:00","dateModified":"2022-02-09T03:07:02+00:00","mainEntityOfPage":{"@id":"https:\/\/excellence-esthetique.fr\/fr\/le-dr-gerbault-invite-en-colombie-pour-le-congres-imcas-americas-2019.html#webpage"},"wordCount":161,"commentCount":0,"publisher":{"@id":"https:\/\/excellence-esthetique.fr\/fr\/#organization"},"image":{"@id":"https:\/\/excellence-esthetique.fr\/fr\/le-dr-gerbault-invite-en-colombie-pour-le-congres-imcas-americas-2019.html#primaryimage"},"thumbnailUrl":"https:\/\/excellence-esthetique.fr\/wp-content\/uploads\/postreseaux-e1565400475534.jpg","articleSection":["Actualit\u00e9s"],"inLanguage":"fr-FR","potentialAction":[{"@type":"CommentAction","name":"Comment","target":["https:\/\/excellence-esthetique.fr\/fr\/le-dr-gerbault-invite-en-colombie-pour-le-congres-imcas-americas-2019.html#respond"]}]},{"@type":"Person","@id":"https:\/\/excellence-esthetique.fr\/fr\/#\/schema\/person\/18e47300fb6bb54eaa76163c6c3d5f86","name":"Dr Olivier Gerbault","sameAs":["https:\/\/excellence-esthetique.fr\/fr\/dr-gerbault\/","https:\/\/www.facebook.com\/Dr.Gerbault\/","https:\/\/www.instagram.com\/dr_gerbault_rhinoplastie_paris\/","https:\/\/www.linkedin.com\/in\/oliviergerbault\/","https:\/\/twitter.com\/Dr_Gerbault","https:\/\/www.youtube.com\/channel\/UCEe5FdN1eZE5T2E_8ndZjfw"]},{"@type":"PostalAddress","@id":"https:\/\/excellence-esthetique.fr\/fr\/le-dr-gerbault-invite-en-colombie-pour-le-congres-imcas-americas-2019.html#local-main-place-address","streetAddress":"138 avenue Victor Hugo","addressLocality":"Paris","postalCode":"75116","addressCountry":"FR"},{"@type":"ImageObject","@id":"https:\/\/excellence-esthetique.fr\/fr\/le-dr-gerbault-invite-en-colombie-pour-le-congres-imcas-americas-2019.html#local-main-organization-logo","inLanguage":"fr-FR","url":"https:\/\/excellence-esthetique.fr\/wp-content\/uploads\/logo.jpg","contentUrl":"https:\/\/excellence-esthetique.fr\/wp-content\/uploads\/logo.jpg","width":600,"height":334,"caption":"Chirurgien rhinoplastie Paris : Dr Gerbault"}]},"geo.placename":"Paris","geo.position":{"lat":"48.86772289599891","long":"2.2794640614090103"},"geo.region":"France"},"_links":{"self":[{"href":"https:\/\/excellence-esthetique.fr\/fr\/wp-json\/wp\/v2\/posts\/16141"}],"collection":[{"href":"https:\/\/excellence-esthetique.fr\/fr\/wp-json\/wp\/v2\/posts"}],"about":[{"href":"https:\/\/excellence-esthetique.fr\/fr\/wp-json\/wp\/v2\/types\/post"}],"author":[{"embeddable":true,"href":"https:\/\/excellence-esthetique.fr\/fr\/wp-json\/wp\/v2\/users\/5"}],"replies":[{"embeddable":true,"href":"https:\/\/excellence-esthetique.fr\/fr\/wp-json\/wp\/v2\/comments?post=16141"}],"version-history":[{"count":0,"href":"https:\/\/excellence-esthetique.fr\/fr\/wp-json\/wp\/v2\/posts\/16141\/revisions"}],"wp:featuredmedia":[{"embeddable":true,"href":"https:\/\/excellence-esthetique.fr\/fr\/wp-json\/wp\/v2\/media\/16142"}],"wp:attachment":[{"href":"https:\/\/excellence-esthetique.fr\/fr\/wp-json\/wp\/v2\/media?parent=16141"}],"wp:term":[{"taxonomy":"category","embeddable":true,"href":"https:\/\/excellence-esthetique.fr\/fr\/wp-json\/wp\/v2\/categories?post=16141"},{"taxonomy":"post_tag","embeddable":true,"href":"https:\/\/excellence-esthetique.fr\/fr\/wp-json\/wp\/v2\/tags?post=16141"}],"curies":[{"name":"wp","href":"https:\/\/api.w.org\/{rel}","templated":true}]}}