{"id":17682,"date":"2020-02-01T13:42:43","date_gmt":"2020-02-01T12:42:43","guid":{"rendered":"https:\/\/excellence-esthetique.fr\/?p=17682"},"modified":"2022-01-23T01:23:04","modified_gmt":"2022-01-23T00:23:04","slug":"congres-imcas-2020-chirurgie-live-clinique-champs-elysees","status":"publish","type":"post","link":"https:\/\/excellence-esthetique.fr\/fr\/congres-imcas-2020-chirurgie-live-clinique-champs-elysees.html","title":{"rendered":"Congr\u00e8s de l&rsquo;IMCAS et chirurgie en live de la Clinique des Champs-Elys\u00e9es"},"content":{"rendered":"<p>Au Palais des Congr\u00e8s de Paris s'est tenu du 30 janvier au 1er f\u00e9vrier 2020 le 22\u00e8me congr\u00e8s annuel de l'IMCAS.<\/p>\n<hr>\n<h2>Le congr\u00e8s international de r\u00e9f\u00e9rence en chirurgie esth\u00e9tique et dermatologie sp\u00e9cialis\u00e9 dans les soins de rajeunissement medicaux et chirurgicaux<\/h2>\n<p>Le Docteur Gerbault faisait cette ann\u00e9e encore partie des secr\u00e9taires scientifiques de ce congr\u00e8s fran\u00e7ais de r\u00e9f\u00e9rence, qui a une fois de plus accueilli plus de 11 000 m\u00e9decins et chirurgiens venus du monde entier se former et\/ou participer au meeting.<\/p>\n<p>Le Docteur Gerbault est notamment intervenu pour apporter son exp\u00e9rience sur les chirurgies de la face et sur les rhinoplasties.<\/p>\n<figure id=\"attachment_17687\" aria-describedby=\"caption-attachment-17687\" style=\"width: 680px\" class=\"wp-caption alignnone\"><img loading=\"lazy\" class=\"wp-image-17687 size-full\" src=\"https:\/\/excellence-esthetique.fr\/wp-content\/uploads\/imcas-2020-e1580560307840.jpg\" alt=\"IMCAS 2020 Paris\" width=\"680\" height=\"400\"><figcaption id=\"caption-attachment-17687\" class=\"wp-caption-text\">Le Dr Gerbault durant l'une de ses interventions.<\/figcaption><\/figure>\n<hr>\n<h2>Rhinoplastie retransmise en direct de la <a href=\"https:\/\/excellence-esthetique.fr\/fr\/clinique-champs-elysees-rhinoplastie.html\">Clinique des Champs-Elys\u00e9es<\/a><\/h2>\n<p>Durant cette \u00e9dition 2020 du congr\u00e8s, et ce comme l'ann\u00e9e derni\u00e8re, le Docteur Gerbault a perform\u00e9 une <a href=\"https:\/\/excellence-esthetique.fr\/fr\/rhinoplastie\/\">rhinoplastie<\/a> de pr\u00e9servation, qui \u00e9tait retransmise en direct dans l'amphith\u00e9\u00e2tre du Palais des Congr\u00e8s.<\/p>\n<figure id=\"attachment_17685\" aria-describedby=\"caption-attachment-17685\" style=\"width: 539px\" class=\"wp-caption alignnone\"><img loading=\"lazy\" class=\"wp-image-17685 size-full\" src=\"https:\/\/excellence-esthetique.fr\/wp-content\/uploads\/20200131_110550761_iOS-scaled-e1580560019883.jpg\" alt=\"Dr Gerbaut et Dr G\u00f6ksel \u00e0 la Clinique des Champs-Elys\u00e9es\" width=\"539\" height=\"400\"><figcaption id=\"caption-attachment-17685\" class=\"wp-caption-text\">Dr Gerbaut et Dr G\u00f6ksel d'Istanbul \u00e0 la Clinique des Champs-Elys\u00e9es.<\/figcaption><\/figure>\n<p><em>Le programme du congr\u00e8s est \u00e0 retrouver sur le lien suivant : <\/em><a href=\"https:\/\/www.imcas.com\/en\/file\/download?file=%2Fmedias%2Fcongresses%2Fimcas2020%2Fen_program.pdf\">Programme scientifique IMCAS 2020<\/a>.<\/p>\n<hr>\n<p style=\"text-align: center;\"><em>Date de publication : <time datetime=\"2020-02-01\">1er f\u00e9vrier 2020<\/time><\/em><\/p>\n\n<div class=\"kk-star-ratings\n     kksr-valign-bottom     kksr-align-center    \"\n    data-payload=\"{&quot;align&quot;:&quot;center&quot;,&quot;id&quot;:&quot;17682&quot;,&quot;slug&quot;:&quot;default&quot;,&quot;valign&quot;:&quot;bottom&quot;,&quot;reference&quot;:&quot;auto&quot;,&quot;count&quot;:&quot;37&quot;,&quot;readonly&quot;:&quot;&quot;,&quot;score&quot;:&quot;5&quot;,&quot;best&quot;:&quot;5&quot;,&quot;gap&quot;:&quot;4&quot;,&quot;greet&quot;:&quot;Noter cette page&quot;,&quot;legend&quot;:&quot;5\\\/5 - (37 votes)&quot;,&quot;size&quot;:&quot;14&quot;,&quot;width&quot;:&quot;88&quot;,&quot;_legend&quot;:&quot;{score}\\\/{best} - ({count} {votes})&quot;}\">\n    \n<div class=\"kksr-stars\">\n    \n<div class=\"kksr-stars-inactive\">\n            <div class=\"kksr-star\" data-star=\"1\" style=\"padding-right: 4px\">\n            \n\n<div class=\"kksr-icon\" style=\"width: 14px; height: 14px;\"><\/div>\n        <\/div>\n            <div class=\"kksr-star\" data-star=\"2\" style=\"padding-right: 4px\">\n            \n\n<div class=\"kksr-icon\" style=\"width: 14px; height: 14px;\"><\/div>\n        <\/div>\n            <div class=\"kksr-star\" data-star=\"3\" style=\"padding-right: 4px\">\n            \n\n<div class=\"kksr-icon\" style=\"width: 14px; height: 14px;\"><\/div>\n        <\/div>\n            <div class=\"kksr-star\" data-star=\"4\" style=\"padding-right: 4px\">\n            \n\n<div class=\"kksr-icon\" style=\"width: 14px; height: 14px;\"><\/div>\n        <\/div>\n            <div class=\"kksr-star\" data-star=\"5\" style=\"padding-right: 4px\">\n            \n\n<div class=\"kksr-icon\" style=\"width: 14px; height: 14px;\"><\/div>\n        <\/div>\n    <\/div>\n    \n<div class=\"kksr-stars-active\" style=\"width: 88px;\">\n            <div class=\"kksr-star\" style=\"padding-right: 4px\">\n            \n\n<div class=\"kksr-icon\" style=\"width: 14px; height: 14px;\"><\/div>\n        <\/div>\n            <div class=\"kksr-star\" style=\"padding-right: 4px\">\n            \n\n<div class=\"kksr-icon\" style=\"width: 14px; height: 14px;\"><\/div>\n        <\/div>\n            <div class=\"kksr-star\" style=\"padding-right: 4px\">\n            \n\n<div class=\"kksr-icon\" style=\"width: 14px; height: 14px;\"><\/div>\n        <\/div>\n            <div class=\"kksr-star\" style=\"padding-right: 4px\">\n            \n\n<div class=\"kksr-icon\" style=\"width: 14px; height: 14px;\"><\/div>\n        <\/div>\n            <div class=\"kksr-star\" style=\"padding-right: 4px\">\n            \n\n<div class=\"kksr-icon\" style=\"width: 14px; height: 14px;\"><\/div>\n        <\/div>\n    <\/div>\n<\/div>\n    \n<div class=\"kksr-legend\">\n            5\/5 - (37 votes)    <\/div>\n<\/div>\n\n\n","protected":false},"excerpt":{"rendered":"<p>Au Palais des Congr\u00e8s de Paris s&rsquo;est tenu du 30 janvier au 1er f\u00e9vrier 2020 le 22\u00e8me congr\u00e8s annuel de l&rsquo;IMCAS. Le congr\u00e8s international de r\u00e9f\u00e9rence en chirurgie esth\u00e9tique et dermatologie sp\u00e9cialis\u00e9 dans les soins de rajeunissement medicaux et chirurgicaux Le Docteur Gerbault faisait cette ann\u00e9e encore partie des secr\u00e9taires scientifiques de ce congr\u00e8s fran\u00e7ais&#8230;<\/p>\n","protected":false},"author":5,"featured_media":17691,"comment_status":"open","ping_status":"closed","sticky":false,"template":"","format":"standard","meta":[],"categories":[172],"tags":[],"acf":[],"yoast_head":"<!-- This site is optimized with the Yoast SEO plugin v18.3 - https:\/\/yoast.com\/wordpress\/plugins\/seo\/ -->\n<title>Congr\u00e8s de l&#039;IMCAS et chirurgie live de la Clinique des Champs-Elys\u00e9es<\/title>\n<meta name=\"description\" content=\"Le Dr Gerbault faisait cette ann\u00e9e encore partie des secr\u00e9taires scientifiques de ce congr\u00e8s fran\u00e7ais de r\u00e9f\u00e9rence.\" \/>\n<meta name=\"robots\" content=\"index, follow, max-snippet:-1, max-image-preview:large, max-video-preview:-1\" \/>\n<link rel=\"canonical\" href=\"https:\/\/excellence-esthetique.fr\/fr\/congres-imcas-2020-chirurgie-live-clinique-champs-elysees.html\" \/>\n<meta property=\"og:locale\" content=\"fr_FR\" \/>\n<meta property=\"og:type\" content=\"article\" \/>\n<meta property=\"og:title\" content=\"Congr\u00e8s de l&#039;IMCAS et chirurgie live de la Clinique des Champs-Elys\u00e9es\" \/>\n<meta property=\"og:description\" content=\"Le Dr Gerbault faisait cette ann\u00e9e encore partie des secr\u00e9taires scientifiques de ce congr\u00e8s fran\u00e7ais de r\u00e9f\u00e9rence, qui a une fois de plus accueillit plus de 11 000 m\u00e9decins et chirurgiens venus du monde entier se former et\/ou participer au meeting.\" \/>\n<meta property=\"og:url\" content=\"https:\/\/excellence-esthetique.fr\/fr\/congres-imcas-2020-chirurgie-live-clinique-champs-elysees.html\" \/>\n<meta property=\"og:site_name\" content=\"Chirurgien rhinoplastie Paris : Dr Gerbault\" \/>\n<meta property=\"article:publisher\" content=\"https:\/\/www.facebook.com\/Dr.Gerbault\/\" \/>\n<meta property=\"article:author\" content=\"https:\/\/www.facebook.com\/Dr.Gerbault\/\" \/>\n<meta property=\"article:published_time\" content=\"2020-02-01T12:42:43+00:00\" \/>\n<meta property=\"article:modified_time\" content=\"2022-01-23T00:23:04+00:00\" \/>\n<meta property=\"og:image\" content=\"https:\/\/excellence-esthetique.fr\/wp-content\/uploads\/imcas-2020-e1580560307840.jpg\" \/>\n\t<meta property=\"og:image:width\" content=\"680\" \/>\n\t<meta property=\"og:image:height\" content=\"400\" \/>\n\t<meta property=\"og:image:type\" content=\"image\/jpeg\" \/>\n<meta name=\"twitter:card\" content=\"summary_large_image\" \/>\n<meta name=\"twitter:title\" content=\"Congr\u00e8s de l&#039;IMCAS et chirurgie live de la Clinique des Champs-Elys\u00e9es\" \/>\n<meta name=\"twitter:description\" content=\"Le Dr Gerbault faisait cette ann\u00e9e encore partie des secr\u00e9taires scientifiques de ce congr\u00e8s fran\u00e7ais de r\u00e9f\u00e9rence, qui a une fois de plus accueillit plus de 11 000 m\u00e9decins et chirurgiens venus du monde entier se former et\/ou participer au meeting.\" \/>\n<meta name=\"twitter:image\" content=\"https:\/\/excellence-esthetique.fr\/wp-content\/uploads\/imcas-2020-e1580560307840.jpg\" \/>\n<meta name=\"twitter:creator\" content=\"@Dr_Gerbault\" \/>\n<meta name=\"twitter:site\" content=\"@Dr_Gerbault\" \/>\n<meta name=\"twitter:label1\" content=\"\u00c9crit par\" \/>\n\t<meta name=\"twitter:data1\" content=\"Dr Olivier Gerbault\" \/>\n\t<meta name=\"twitter:label2\" content=\"Dur\u00e9e de lecture estim\u00e9e\" \/>\n\t<meta name=\"twitter:data2\" content=\"1 minute\" \/>\n<script type=\"application\/ld+json\" class=\"yoast-schema-graph\">{\"@context\":\"https:\/\/schema.org\",\"@graph\":[{\"@type\":[\"Organization\",\"Place\",\"PlasticSurgery\"],\"@id\":\"https:\/\/excellence-esthetique.fr\/fr\/#organization\",\"name\":\"Chirurgien rhinoplastie Paris : Dr Gerbault\",\"url\":\"https:\/\/excellence-esthetique.fr\/fr\/\",\"sameAs\":[\"https:\/\/www.facebook.com\/Dr.Gerbault\/\",\"https:\/\/www.instagram.com\/dr_gerbault_rhinoplastie_paris\/\",\"https:\/\/www.linkedin.com\/in\/oliviergerbault\/\",\"https:\/\/www.youtube.com\/GERBOLIVIER\",\"https:\/\/twitter.com\/Dr_Gerbault\"],\"logo\":{\"@id\":\"https:\/\/excellence-esthetique.fr\/fr\/congres-imcas-2020-chirurgie-live-clinique-champs-elysees.html#local-main-organization-logo\"},\"image\":{\"@id\":\"https:\/\/excellence-esthetique.fr\/fr\/congres-imcas-2020-chirurgie-live-clinique-champs-elysees.html#local-main-organization-logo\"},\"address\":{\"@id\":\"https:\/\/excellence-esthetique.fr\/fr\/congres-imcas-2020-chirurgie-live-clinique-champs-elysees.html#local-main-place-address\"},\"geo\":{\"@type\":\"GeoCoordinates\",\"latitude\":\"48.86772289599891\",\"longitude\":\"2.2794640614090103\"},\"telephone\":[\"+33153663030\"],\"openingHoursSpecification\":{\"@type\":\"OpeningHoursSpecification\",\"dayOfWeek\":[\"Monday\",\"Tuesday\",\"Wednesday\",\"Thursday\",\"Friday\",\"Saturday\",\"Sunday\"],\"opens\":\"00:00\",\"closes\":\"23:59\"},\"areaServed\":\"France\",\"vatID\":\"FR54488777194\",\"taxID\":\"FR54488777194\",\"priceRange\":\"$$$$\"},{\"@type\":\"WebSite\",\"@id\":\"https:\/\/excellence-esthetique.fr\/fr\/#website\",\"url\":\"https:\/\/excellence-esthetique.fr\/fr\/\",\"name\":\"Chirurgien rhinoplastie Paris : Dr Gerbault\",\"description\":\"\",\"publisher\":{\"@id\":\"https:\/\/excellence-esthetique.fr\/fr\/#organization\"},\"potentialAction\":[{\"@type\":\"SearchAction\",\"target\":{\"@type\":\"EntryPoint\",\"urlTemplate\":\"https:\/\/excellence-esthetique.fr\/fr\/?s={search_term_string}\"},\"query-input\":\"required name=search_term_string\"}],\"inLanguage\":\"fr-FR\"},{\"@type\":\"ImageObject\",\"@id\":\"https:\/\/excellence-esthetique.fr\/fr\/congres-imcas-2020-chirurgie-live-clinique-champs-elysees.html#primaryimage\",\"inLanguage\":\"fr-FR\",\"url\":\"https:\/\/excellence-esthetique.fr\/wp-content\/uploads\/imcas-2020-e1580560307840.jpg\",\"contentUrl\":\"https:\/\/excellence-esthetique.fr\/wp-content\/uploads\/imcas-2020-e1580560307840.jpg\",\"width\":680,\"height\":400,\"caption\":\"IMCAS 2020 Paris\"},{\"@type\":[\"WebPage\",\"MedicalWebPage\"],\"@id\":\"https:\/\/excellence-esthetique.fr\/fr\/congres-imcas-2020-chirurgie-live-clinique-champs-elysees.html#webpage\",\"url\":\"https:\/\/excellence-esthetique.fr\/fr\/congres-imcas-2020-chirurgie-live-clinique-champs-elysees.html\",\"name\":\"Congr\u00e8s de l'IMCAS et chirurgie live de la Clinique des Champs-Elys\u00e9es\",\"isPartOf\":{\"@id\":\"https:\/\/excellence-esthetique.fr\/fr\/#website\"},\"primaryImageOfPage\":{\"@id\":\"https:\/\/excellence-esthetique.fr\/fr\/congres-imcas-2020-chirurgie-live-clinique-champs-elysees.html#primaryimage\"},\"datePublished\":\"2020-02-01T12:42:43+00:00\",\"dateModified\":\"2022-01-23T00:23:04+00:00\",\"description\":\"Le Dr Gerbault faisait cette ann\u00e9e encore partie des secr\u00e9taires scientifiques de ce congr\u00e8s fran\u00e7ais de r\u00e9f\u00e9rence.\",\"breadcrumb\":{\"@id\":\"https:\/\/excellence-esthetique.fr\/fr\/congres-imcas-2020-chirurgie-live-clinique-champs-elysees.html#breadcrumb\"},\"inLanguage\":\"fr-FR\",\"potentialAction\":[{\"@type\":\"ReadAction\",\"target\":[\"https:\/\/excellence-esthetique.fr\/fr\/congres-imcas-2020-chirurgie-live-clinique-champs-elysees.html\"]}]},{\"@type\":\"BreadcrumbList\",\"@id\":\"https:\/\/excellence-esthetique.fr\/fr\/congres-imcas-2020-chirurgie-live-clinique-champs-elysees.html#breadcrumb\",\"itemListElement\":[{\"@type\":\"ListItem\",\"position\":1,\"name\":\"Chirurgie esth\u00e9tique Paris\",\"item\":\"https:\/\/excellence-esthetique.fr\/fr\"},{\"@type\":\"ListItem\",\"position\":2,\"name\":\"Actualit\u00e9s\",\"item\":\"https:\/\/excellence-esthetique.fr\/fr\/blog\/\"},{\"@type\":\"ListItem\",\"position\":3,\"name\":\"Congr\u00e8s de l&rsquo;IMCAS et chirurgie en live de la Clinique des Champs-Elys\u00e9es\"}]},{\"@type\":\"Article\",\"@id\":\"https:\/\/excellence-esthetique.fr\/fr\/congres-imcas-2020-chirurgie-live-clinique-champs-elysees.html#article\",\"isPartOf\":{\"@id\":\"https:\/\/excellence-esthetique.fr\/fr\/congres-imcas-2020-chirurgie-live-clinique-champs-elysees.html#webpage\"},\"author\":{\"@id\":\"https:\/\/excellence-esthetique.fr\/fr\/#\/schema\/person\/18e47300fb6bb54eaa76163c6c3d5f86\"},\"headline\":\"Congr\u00e8s de l&rsquo;IMCAS et chirurgie en live de la Clinique des Champs-Elys\u00e9es\",\"datePublished\":\"2020-02-01T12:42:43+00:00\",\"dateModified\":\"2022-01-23T00:23:04+00:00\",\"mainEntityOfPage\":{\"@id\":\"https:\/\/excellence-esthetique.fr\/fr\/congres-imcas-2020-chirurgie-live-clinique-champs-elysees.html#webpage\"},\"wordCount\":228,\"commentCount\":0,\"publisher\":{\"@id\":\"https:\/\/excellence-esthetique.fr\/fr\/#organization\"},\"image\":{\"@id\":\"https:\/\/excellence-esthetique.fr\/fr\/congres-imcas-2020-chirurgie-live-clinique-champs-elysees.html#primaryimage\"},\"thumbnailUrl\":\"https:\/\/excellence-esthetique.fr\/wp-content\/uploads\/BANNIERE_1576773011270-e1580561090429.png\",\"articleSection\":[\"Actualit\u00e9s\"],\"inLanguage\":\"fr-FR\",\"potentialAction\":[{\"@type\":\"CommentAction\",\"name\":\"Comment\",\"target\":[\"https:\/\/excellence-esthetique.fr\/fr\/congres-imcas-2020-chirurgie-live-clinique-champs-elysees.html#respond\"]}]},{\"@type\":\"Person\",\"@id\":\"https:\/\/excellence-esthetique.fr\/fr\/#\/schema\/person\/18e47300fb6bb54eaa76163c6c3d5f86\",\"name\":\"Dr Olivier Gerbault\",\"sameAs\":[\"https:\/\/excellence-esthetique.fr\/fr\/dr-gerbault\/\",\"https:\/\/www.facebook.com\/Dr.Gerbault\/\",\"https:\/\/www.instagram.com\/dr_gerbault_rhinoplastie_paris\/\",\"https:\/\/www.linkedin.com\/in\/oliviergerbault\/\",\"https:\/\/twitter.com\/Dr_Gerbault\",\"https:\/\/www.youtube.com\/channel\/UCEe5FdN1eZE5T2E_8ndZjfw\"]},{\"@type\":\"PostalAddress\",\"@id\":\"https:\/\/excellence-esthetique.fr\/fr\/congres-imcas-2020-chirurgie-live-clinique-champs-elysees.html#local-main-place-address\",\"streetAddress\":\"138 avenue Victor Hugo\",\"addressLocality\":\"Paris\",\"postalCode\":\"75116\",\"addressCountry\":\"FR\"},{\"@type\":\"ImageObject\",\"@id\":\"https:\/\/excellence-esthetique.fr\/fr\/congres-imcas-2020-chirurgie-live-clinique-champs-elysees.html#local-main-organization-logo\",\"inLanguage\":\"fr-FR\",\"url\":\"https:\/\/excellence-esthetique.fr\/wp-content\/uploads\/logo.jpg\",\"contentUrl\":\"https:\/\/excellence-esthetique.fr\/wp-content\/uploads\/logo.jpg\",\"width\":600,\"height\":334,\"caption\":\"Chirurgien rhinoplastie Paris : Dr Gerbault\"}]}<\/script>\n<meta name=\"geo.placename\" content=\"Paris\" \/>\n<meta name=\"geo.position\" content=\"48.86772289599891;2.2794640614090103\" \/>\n<meta name=\"geo.region\" content=\"France\" \/>\n<!-- \/ Yoast SEO plugin. -->","yoast_head_json":{"title":"Congr\u00e8s de l'IMCAS et chirurgie live de la Clinique des Champs-Elys\u00e9es","description":"Le Dr Gerbault faisait cette ann\u00e9e encore partie des secr\u00e9taires scientifiques de ce congr\u00e8s fran\u00e7ais de r\u00e9f\u00e9rence.","robots":{"index":"index","follow":"follow","max-snippet":"max-snippet:-1","max-image-preview":"max-image-preview:large","max-video-preview":"max-video-preview:-1"},"canonical":"https:\/\/excellence-esthetique.fr\/fr\/congres-imcas-2020-chirurgie-live-clinique-champs-elysees.html","og_locale":"fr_FR","og_type":"article","og_title":"Congr\u00e8s de l'IMCAS et chirurgie live de la Clinique des Champs-Elys\u00e9es","og_description":"Le Dr Gerbault faisait cette ann\u00e9e encore partie des secr\u00e9taires scientifiques de ce congr\u00e8s fran\u00e7ais de r\u00e9f\u00e9rence, qui a une fois de plus accueillit plus de 11 000 m\u00e9decins et chirurgiens venus du monde entier se former et\/ou participer au meeting.","og_url":"https:\/\/excellence-esthetique.fr\/fr\/congres-imcas-2020-chirurgie-live-clinique-champs-elysees.html","og_site_name":"Chirurgien rhinoplastie Paris : Dr Gerbault","article_publisher":"https:\/\/www.facebook.com\/Dr.Gerbault\/","article_author":"https:\/\/www.facebook.com\/Dr.Gerbault\/","article_published_time":"2020-02-01T12:42:43+00:00","article_modified_time":"2022-01-23T00:23:04+00:00","og_image":[{"width":680,"height":400,"url":"https:\/\/excellence-esthetique.fr\/wp-content\/uploads\/imcas-2020-e1580560307840.jpg","type":"image\/jpeg"}],"twitter_card":"summary_large_image","twitter_title":"Congr\u00e8s de l'IMCAS et chirurgie live de la Clinique des Champs-Elys\u00e9es","twitter_description":"Le Dr Gerbault faisait cette ann\u00e9e encore partie des secr\u00e9taires scientifiques de ce congr\u00e8s fran\u00e7ais de r\u00e9f\u00e9rence, qui a une fois de plus accueillit plus de 11 000 m\u00e9decins et chirurgiens venus du monde entier se former et\/ou participer au meeting.","twitter_image":"https:\/\/excellence-esthetique.fr\/wp-content\/uploads\/imcas-2020-e1580560307840.jpg","twitter_creator":"@Dr_Gerbault","twitter_site":"@Dr_Gerbault","twitter_misc":{"\u00c9crit par":"Dr Olivier Gerbault","Dur\u00e9e de lecture estim\u00e9e":"1 minute"},"schema":{"@context":"https:\/\/schema.org","@graph":[{"@type":["Organization","Place","PlasticSurgery"],"@id":"https:\/\/excellence-esthetique.fr\/fr\/#organization","name":"Chirurgien rhinoplastie Paris : Dr Gerbault","url":"https:\/\/excellence-esthetique.fr\/fr\/","sameAs":["https:\/\/www.facebook.com\/Dr.Gerbault\/","https:\/\/www.instagram.com\/dr_gerbault_rhinoplastie_paris\/","https:\/\/www.linkedin.com\/in\/oliviergerbault\/","https:\/\/www.youtube.com\/GERBOLIVIER","https:\/\/twitter.com\/Dr_Gerbault"],"logo":{"@id":"https:\/\/excellence-esthetique.fr\/fr\/congres-imcas-2020-chirurgie-live-clinique-champs-elysees.html#local-main-organization-logo"},"image":{"@id":"https:\/\/excellence-esthetique.fr\/fr\/congres-imcas-2020-chirurgie-live-clinique-champs-elysees.html#local-main-organization-logo"},"address":{"@id":"https:\/\/excellence-esthetique.fr\/fr\/congres-imcas-2020-chirurgie-live-clinique-champs-elysees.html#local-main-place-address"},"geo":{"@type":"GeoCoordinates","latitude":"48.86772289599891","longitude":"2.2794640614090103"},"telephone":["+33153663030","+33153663030"],"openingHoursSpecification":{"@type":"OpeningHoursSpecification","dayOfWeek":["Monday","Tuesday","Wednesday","Thursday","Friday","Saturday","Sunday"],"opens":"00:00","closes":"23:59"},"areaServed":"France","vatID":"FR54488777194","taxID":"FR54488777194","priceRange":"$$$$"},{"@type":"WebSite","@id":"https:\/\/excellence-esthetique.fr\/fr\/#website","url":"https:\/\/excellence-esthetique.fr\/fr\/","name":"Chirurgien rhinoplastie Paris : Dr Gerbault","description":"","publisher":{"@id":"https:\/\/excellence-esthetique.fr\/fr\/#organization"},"potentialAction":[{"@type":"SearchAction","target":{"@type":"EntryPoint","urlTemplate":"https:\/\/excellence-esthetique.fr\/fr\/?s={search_term_string}"},"query-input":"required name=search_term_string"}],"inLanguage":"fr-FR"},{"@type":"ImageObject","@id":"https:\/\/excellence-esthetique.fr\/fr\/congres-imcas-2020-chirurgie-live-clinique-champs-elysees.html#primaryimage","inLanguage":"fr-FR","url":"https:\/\/excellence-esthetique.fr\/wp-content\/uploads\/imcas-2020-e1580560307840.jpg","contentUrl":"https:\/\/excellence-esthetique.fr\/wp-content\/uploads\/imcas-2020-e1580560307840.jpg","width":680,"height":400,"caption":"IMCAS 2020 Paris"},{"@type":["WebPage","MedicalWebPage"],"@id":"https:\/\/excellence-esthetique.fr\/fr\/congres-imcas-2020-chirurgie-live-clinique-champs-elysees.html#webpage","url":"https:\/\/excellence-esthetique.fr\/fr\/congres-imcas-2020-chirurgie-live-clinique-champs-elysees.html","name":"Congr\u00e8s de l'IMCAS et chirurgie live de la Clinique des Champs-Elys\u00e9es","isPartOf":{"@id":"https:\/\/excellence-esthetique.fr\/fr\/#website"},"primaryImageOfPage":{"@id":"https:\/\/excellence-esthetique.fr\/fr\/congres-imcas-2020-chirurgie-live-clinique-champs-elysees.html#primaryimage"},"datePublished":"2020-02-01T12:42:43+00:00","dateModified":"2022-01-23T00:23:04+00:00","description":"Le Dr Gerbault faisait cette ann\u00e9e encore partie des secr\u00e9taires scientifiques de ce congr\u00e8s fran\u00e7ais de r\u00e9f\u00e9rence.","breadcrumb":{"@id":"https:\/\/excellence-esthetique.fr\/fr\/congres-imcas-2020-chirurgie-live-clinique-champs-elysees.html#breadcrumb"},"inLanguage":"fr-FR","potentialAction":[{"@type":"ReadAction","target":["https:\/\/excellence-esthetique.fr\/fr\/congres-imcas-2020-chirurgie-live-clinique-champs-elysees.html"]}]},{"@type":"BreadcrumbList","@id":"https:\/\/excellence-esthetique.fr\/fr\/congres-imcas-2020-chirurgie-live-clinique-champs-elysees.html#breadcrumb","itemListElement":[{"@type":"ListItem","position":1,"name":"Chirurgie esth\u00e9tique Paris","item":"https:\/\/excellence-esthetique.fr\/fr"},{"@type":"ListItem","position":2,"name":"Actualit\u00e9s","item":"https:\/\/excellence-esthetique.fr\/fr\/blog\/"},{"@type":"ListItem","position":3,"name":"Congr\u00e8s de l&rsquo;IMCAS et chirurgie en live de la Clinique des Champs-Elys\u00e9es"}]},{"@type":"Article","@id":"https:\/\/excellence-esthetique.fr\/fr\/congres-imcas-2020-chirurgie-live-clinique-champs-elysees.html#article","isPartOf":{"@id":"https:\/\/excellence-esthetique.fr\/fr\/congres-imcas-2020-chirurgie-live-clinique-champs-elysees.html#webpage"},"author":{"@id":"https:\/\/excellence-esthetique.fr\/fr\/#\/schema\/person\/18e47300fb6bb54eaa76163c6c3d5f86"},"headline":"Congr\u00e8s de l&rsquo;IMCAS et chirurgie en live de la Clinique des Champs-Elys\u00e9es","datePublished":"2020-02-01T12:42:43+00:00","dateModified":"2022-01-23T00:23:04+00:00","mainEntityOfPage":{"@id":"https:\/\/excellence-esthetique.fr\/fr\/congres-imcas-2020-chirurgie-live-clinique-champs-elysees.html#webpage"},"wordCount":228,"commentCount":0,"publisher":{"@id":"https:\/\/excellence-esthetique.fr\/fr\/#organization"},"image":{"@id":"https:\/\/excellence-esthetique.fr\/fr\/congres-imcas-2020-chirurgie-live-clinique-champs-elysees.html#primaryimage"},"thumbnailUrl":"https:\/\/excellence-esthetique.fr\/wp-content\/uploads\/BANNIERE_1576773011270-e1580561090429.png","articleSection":["Actualit\u00e9s"],"inLanguage":"fr-FR","potentialAction":[{"@type":"CommentAction","name":"Comment","target":["https:\/\/excellence-esthetique.fr\/fr\/congres-imcas-2020-chirurgie-live-clinique-champs-elysees.html#respond"]}]},{"@type":"Person","@id":"https:\/\/excellence-esthetique.fr\/fr\/#\/schema\/person\/18e47300fb6bb54eaa76163c6c3d5f86","name":"Dr Olivier Gerbault","sameAs":["https:\/\/excellence-esthetique.fr\/fr\/dr-gerbault\/","https:\/\/www.facebook.com\/Dr.Gerbault\/","https:\/\/www.instagram.com\/dr_gerbault_rhinoplastie_paris\/","https:\/\/www.linkedin.com\/in\/oliviergerbault\/","https:\/\/twitter.com\/Dr_Gerbault","https:\/\/www.youtube.com\/channel\/UCEe5FdN1eZE5T2E_8ndZjfw"]},{"@type":"PostalAddress","@id":"https:\/\/excellence-esthetique.fr\/fr\/congres-imcas-2020-chirurgie-live-clinique-champs-elysees.html#local-main-place-address","streetAddress":"138 avenue Victor Hugo","addressLocality":"Paris","postalCode":"75116","addressCountry":"FR"},{"@type":"ImageObject","@id":"https:\/\/excellence-esthetique.fr\/fr\/congres-imcas-2020-chirurgie-live-clinique-champs-elysees.html#local-main-organization-logo","inLanguage":"fr-FR","url":"https:\/\/excellence-esthetique.fr\/wp-content\/uploads\/logo.jpg","contentUrl":"https:\/\/excellence-esthetique.fr\/wp-content\/uploads\/logo.jpg","width":600,"height":334,"caption":"Chirurgien rhinoplastie Paris : Dr Gerbault"}]},"geo.placename":"Paris","geo.position":{"lat":"48.86772289599891","long":"2.2794640614090103"},"geo.region":"France"},"_links":{"self":[{"href":"https:\/\/excellence-esthetique.fr\/fr\/wp-json\/wp\/v2\/posts\/17682"}],"collection":[{"href":"https:\/\/excellence-esthetique.fr\/fr\/wp-json\/wp\/v2\/posts"}],"about":[{"href":"https:\/\/excellence-esthetique.fr\/fr\/wp-json\/wp\/v2\/types\/post"}],"author":[{"embeddable":true,"href":"https:\/\/excellence-esthetique.fr\/fr\/wp-json\/wp\/v2\/users\/5"}],"replies":[{"embeddable":true,"href":"https:\/\/excellence-esthetique.fr\/fr\/wp-json\/wp\/v2\/comments?post=17682"}],"version-history":[{"count":0,"href":"https:\/\/excellence-esthetique.fr\/fr\/wp-json\/wp\/v2\/posts\/17682\/revisions"}],"wp:featuredmedia":[{"embeddable":true,"href":"https:\/\/excellence-esthetique.fr\/fr\/wp-json\/wp\/v2\/media\/17691"}],"wp:attachment":[{"href":"https:\/\/excellence-esthetique.fr\/fr\/wp-json\/wp\/v2\/media?parent=17682"}],"wp:term":[{"taxonomy":"category","embeddable":true,"href":"https:\/\/excellence-esthetique.fr\/fr\/wp-json\/wp\/v2\/categories?post=17682"},{"taxonomy":"post_tag","embeddable":true,"href":"https:\/\/excellence-esthetique.fr\/fr\/wp-json\/wp\/v2\/tags?post=17682"}],"curies":[{"name":"wp","href":"https:\/\/api.w.org\/{rel}","templated":true}]}}