{"id":23203,"date":"2022-06-29T00:00:25","date_gmt":"2022-06-28T23:00:25","guid":{"rendered":"https:\/\/excellence-esthetique.fr\/?p=23203"},"modified":"2022-10-22T00:57:48","modified_gmt":"2022-10-21T23:57:48","slug":"istanbul-2022","status":"publish","type":"post","link":"https:\/\/excellence-esthetique.fr\/fr\/istanbul-2022.html","title":{"rendered":"Congr\u00e8s Rhinoplastie Structure &#038; Pr\u00e9servation 2022 \u00e0 Istanbul (Turquie)"},"content":{"rendered":"<p>Le congr\u00e8s <a href=\"https:\/\/sprhinoplasty.com\/\" target=\"_blank\" rel=\"nofollow noopener\">Rhinoplastie Structure &amp; Pr\u00e9servation 2022<\/a> a rassembl\u00e9 \u00e0 Istanbul (Turquie) l\u2019\u00e9lite de la <a href=\"https:\/\/excellence-esthetique.fr\/fr\/rhinoplastie\/\">rhinoplastie<\/a> pour partager les connaissances actuelles sur les diff\u00e9rentes techniques de rhinoplastie de pr\u00e9servation, sur la rhinoplastie structurelle, sur la <a href=\"https:\/\/excellence-esthetique.fr\/fr\/rhinoplastie-ultrasonique\/\">rhinoplastie ultrasonique<\/a>.<\/p>\n<p>Deux jours de conf\u00e9rences les 23 et 24 juin, une journ\u00e9e de chirurgies en direct avec des rhinoplasties primaires et secondaires le 25 juin, et pour conclure une journ\u00e9e de vid\u00e9o pr\u00e9sentation le 26 juin 2022.<\/p>\n<p><img loading=\"lazy\" class=\"aligncenter wp-image-23211 \" src=\"https:\/\/excellence-esthetique.fr\/wp-content\/uploads\/dr-gerbault-istanbul-scaled.jpg\" alt=\"Dr Gerbault Istanbul\" width=\"494\" height=\"682\" srcset=\"https:\/\/excellence-esthetique.fr\/wp-content\/uploads\/dr-gerbault-istanbul-scaled.jpg 1852w, https:\/\/excellence-esthetique.fr\/wp-content\/uploads\/dr-gerbault-istanbul-253x350.jpg 253w, https:\/\/excellence-esthetique.fr\/wp-content\/uploads\/dr-gerbault-istanbul-741x1024.jpg 741w, https:\/\/excellence-esthetique.fr\/wp-content\/uploads\/dr-gerbault-istanbul-376x520.jpg 376w, https:\/\/excellence-esthetique.fr\/wp-content\/uploads\/dr-gerbault-istanbul-1111x1536.jpg 1111w, https:\/\/excellence-esthetique.fr\/wp-content\/uploads\/dr-gerbault-istanbul-1482x2048.jpg 1482w\" sizes=\"(max-width: 494px) 100vw, 494px\"><\/p>\n<p>Les deux organisateurs du congr\u00e8s, <strong>Abdulkadir Goksel<\/strong> et <strong>Baris Cakir<\/strong> ont mieux fait que remplir le contrat, avec un congr\u00e8s de qualit\u00e9 exceptionnelle et plus de 500 chirurgiens inscrits.<\/p>\n<blockquote class=\"instagram-media\" style=\"background: #FFF; border: 0; border-radius: 3px; box-shadow: 0 0 1px 0 rgba(0,0,0,0.5),0 1px 10px 0 rgba(0,0,0,0.15); margin: 1px; max-width: 540px; min-width: 326px; padding: 0; width: calc(100% - 2px);\" data-instgrm-captioned=\"\" data-instgrm-permalink=\"https:\/\/www.instagram.com\/p\/CfOqsflK-_4\/?utm_source=ig_embed&amp;utm_campaign=loading\" data-instgrm-version=\"14\">\n<div style=\"padding: 16px;\">\n<div style=\"display: flex; flex-direction: row; align-items: center;\">\n<div style=\"background-color: #f4f4f4; border-radius: 50%; flex-grow: 0; height: 40px; margin-right: 14px; width: 40px;\">\u00a0<\/div>\n<div style=\"display: flex; flex-direction: column; flex-grow: 1; justify-content: center;\">\n<div style=\"background-color: #f4f4f4; border-radius: 4px; flex-grow: 0; height: 14px; margin-bottom: 6px; width: 100px;\">\u00a0<\/div>\n<div style=\"background-color: #f4f4f4; border-radius: 4px; flex-grow: 0; height: 14px; width: 60px;\">\u00a0<\/div>\n<\/div>\n<\/div>\n<div style=\"padding: 19% 0;\">\u00a0<\/div>\n<div style=\"display: block; height: 50px; margin: 0 auto 12px; width: 50px;\">\u00a0<\/div>\n<div style=\"padding-top: 8px;\">\n<div style=\"color: #3897f0; font-family: Arial,sans-serif; font-size: 14px; font-style: normal; font-weight: 550; line-height: 18px;\">Voir cette publication sur Instagram<\/div>\n<\/div>\n<div style=\"padding: 12.5% 0;\">\u00a0<\/div>\n<div style=\"display: flex; flex-direction: row; margin-bottom: 14px; align-items: center;\">\n<div>\n<div style=\"background-color: #f4f4f4; border-radius: 50%; height: 12.5px; width: 12.5px; transform: translateX(0px) translateY(7px);\">\u00a0<\/div>\n<div style=\"background-color: #f4f4f4; height: 12.5px; transform: rotate(-45deg) translateX(3px) translateY(1px); width: 12.5px; flex-grow: 0; margin-right: 14px; margin-left: 2px;\">\u00a0<\/div>\n<div style=\"background-color: #f4f4f4; border-radius: 50%; height: 12.5px; width: 12.5px; transform: translateX(9px) translateY(-18px);\">\u00a0<\/div>\n<\/div>\n<div style=\"margin-left: 8px;\">\n<div style=\"background-color: #f4f4f4; border-radius: 50%; flex-grow: 0; height: 20px; width: 20px;\">\u00a0<\/div>\n<div style=\"width: 0; height: 0; border-top: 2px solid transparent; border-left: 6px solid #f4f4f4; border-bottom: 2px solid transparent; transform: translateX(16px) translateY(-4px) rotate(30deg);\">\u00a0<\/div>\n<\/div>\n<div style=\"margin-left: auto;\">\n<div style=\"width: 0px; border-top: 8px solid #F4F4F4; border-right: 8px solid transparent; transform: translateY(16px);\">\u00a0<\/div>\n<div style=\"background-color: #f4f4f4; flex-grow: 0; height: 12px; width: 16px; transform: translateY(-4px);\">\u00a0<\/div>\n<div style=\"width: 0; height: 0; border-top: 8px solid #F4F4F4; border-left: 8px solid transparent; transform: translateY(-4px) translateX(8px);\">\u00a0<\/div>\n<\/div>\n<\/div>\n<div style=\"display: flex; flex-direction: column; flex-grow: 1; justify-content: center; margin-bottom: 24px;\">\n<div style=\"background-color: #f4f4f4; border-radius: 4px; flex-grow: 0; height: 14px; margin-bottom: 6px; width: 224px;\">\u00a0<\/div>\n<div style=\"background-color: #f4f4f4; border-radius: 4px; flex-grow: 0; height: 14px; width: 144px;\">\u00a0<\/div>\n<\/div>\n<p style=\"color: #c9c8cd; font-family: Arial,sans-serif; font-size: 14px; line-height: 17px; margin-bottom: 0; margin-top: 8px; overflow: hidden; padding: 8px 0 7px; text-align: center; text-overflow: ellipsis; white-space: nowrap;\"><a style=\"color: #c9c8cd; font-family: Arial,sans-serif; font-size: 14px; font-style: normal; font-weight: normal; line-height: 17px; text-decoration: none;\" href=\"https:\/\/www.instagram.com\/p\/CfOqsflK-_4\/?utm_source=ig_embed&amp;utm_campaign=loading\" target=\"_blank\" rel=\"noopener\">Une publication partag\u00e9e par Gerbault Chirurgien Esth\u00e9tique (@dr_gerbault_rhinoplastie_paris)<\/a><\/p>\n<\/div>\n<\/blockquote>\n<p><script async src=\"\/\/www.instagram.com\/embed.js\"><\/script><\/p>\n<p><script async src=\"\/\/www.instagram.com\/embed.js\"><\/script><\/p>\n<div class=\"mceTemp\">\u00a0<\/div>\n<p><em>Le programme du congr\u00e8s est \u00e0 retrouver sur le lien suivant :\u00a0<\/em><a href=\"https:\/\/excellence-esthetique.fr\/wp-content\/uploads\/programme-istanbul-2022.pdf\">Programme du congr\u00e8s Rhinoplastie Structure &amp; Pr\u00e9servation 2022<\/a>.<\/p>\n<hr>\n<p style=\"text-align: center;\"><em>Date de publication : <time datetime=\"2022-06-29\">29 juin 2022<\/time><\/em><\/p>\n\n<div class=\"kk-star-ratings\n     kksr-valign-bottom     kksr-align-center    \"\n    data-payload=\"{&quot;align&quot;:&quot;center&quot;,&quot;id&quot;:&quot;23203&quot;,&quot;slug&quot;:&quot;default&quot;,&quot;valign&quot;:&quot;bottom&quot;,&quot;reference&quot;:&quot;auto&quot;,&quot;count&quot;:&quot;25&quot;,&quot;readonly&quot;:&quot;&quot;,&quot;score&quot;:&quot;5&quot;,&quot;best&quot;:&quot;5&quot;,&quot;gap&quot;:&quot;4&quot;,&quot;greet&quot;:&quot;Noter cette page&quot;,&quot;legend&quot;:&quot;5\\\/5 - (25 votes)&quot;,&quot;size&quot;:&quot;14&quot;,&quot;width&quot;:&quot;88&quot;,&quot;_legend&quot;:&quot;{score}\\\/{best} - ({count} {votes})&quot;}\">\n    \n<div class=\"kksr-stars\">\n    \n<div class=\"kksr-stars-inactive\">\n            <div class=\"kksr-star\" data-star=\"1\" style=\"padding-right: 4px\">\n            \n\n<div class=\"kksr-icon\" style=\"width: 14px; height: 14px;\"><\/div>\n        <\/div>\n            <div class=\"kksr-star\" data-star=\"2\" style=\"padding-right: 4px\">\n            \n\n<div class=\"kksr-icon\" style=\"width: 14px; height: 14px;\"><\/div>\n        <\/div>\n            <div class=\"kksr-star\" data-star=\"3\" style=\"padding-right: 4px\">\n            \n\n<div class=\"kksr-icon\" style=\"width: 14px; height: 14px;\"><\/div>\n        <\/div>\n            <div class=\"kksr-star\" data-star=\"4\" style=\"padding-right: 4px\">\n            \n\n<div class=\"kksr-icon\" style=\"width: 14px; height: 14px;\"><\/div>\n        <\/div>\n            <div class=\"kksr-star\" data-star=\"5\" style=\"padding-right: 4px\">\n            \n\n<div class=\"kksr-icon\" style=\"width: 14px; height: 14px;\"><\/div>\n        <\/div>\n    <\/div>\n    \n<div class=\"kksr-stars-active\" style=\"width: 88px;\">\n            <div class=\"kksr-star\" style=\"padding-right: 4px\">\n            \n\n<div class=\"kksr-icon\" style=\"width: 14px; height: 14px;\"><\/div>\n        <\/div>\n            <div class=\"kksr-star\" style=\"padding-right: 4px\">\n            \n\n<div class=\"kksr-icon\" style=\"width: 14px; height: 14px;\"><\/div>\n        <\/div>\n            <div class=\"kksr-star\" style=\"padding-right: 4px\">\n            \n\n<div class=\"kksr-icon\" style=\"width: 14px; height: 14px;\"><\/div>\n        <\/div>\n            <div class=\"kksr-star\" style=\"padding-right: 4px\">\n            \n\n<div class=\"kksr-icon\" style=\"width: 14px; height: 14px;\"><\/div>\n        <\/div>\n            <div class=\"kksr-star\" style=\"padding-right: 4px\">\n            \n\n<div class=\"kksr-icon\" style=\"width: 14px; height: 14px;\"><\/div>\n        <\/div>\n    <\/div>\n<\/div>\n    \n<div class=\"kksr-legend\">\n            5\/5 - (25 votes)    <\/div>\n<\/div>\n\n\n","protected":false},"excerpt":{"rendered":"<p>Le congr\u00e8s Rhinoplastie Structure &amp; Pr\u00e9servation 2022 a rassembl\u00e9 \u00e0 Istanbul (Turquie) l\u2019\u00e9lite de la rhinoplastie pour partager les connaissances actuelles sur les diff\u00e9rentes techniques de rhinoplastie de pr\u00e9servation, sur la rhinoplastie structurelle, sur la rhinoplastie ultrasonique. Deux jours de conf\u00e9rences les 23 et 24 juin, une journ\u00e9e de chirurgies en direct avec des rhinoplasties&#8230;<\/p>\n","protected":false},"author":5,"featured_media":23207,"comment_status":"open","ping_status":"closed","sticky":false,"template":"","format":"standard","meta":[],"categories":[172],"tags":[],"acf":[],"yoast_head":"<!-- This site is optimized with the Yoast SEO plugin v18.3 - https:\/\/yoast.com\/wordpress\/plugins\/seo\/ -->\n<title>Congr\u00e8s Rhinoplastie Structure &amp; Pr\u00e9servation 2022 \u00e0 Istanbul (Turquie)<\/title>\n<meta name=\"robots\" content=\"index, follow, max-snippet:-1, max-image-preview:large, max-video-preview:-1\" \/>\n<link rel=\"canonical\" href=\"https:\/\/excellence-esthetique.fr\/fr\/istanbul-2022.html\" \/>\n<meta property=\"og:locale\" content=\"fr_FR\" \/>\n<meta property=\"og:type\" content=\"article\" \/>\n<meta property=\"og:title\" content=\"Congr\u00e8s Rhinoplastie Structure &amp; Pr\u00e9servation 2022 \u00e0 Istanbul (Turquie)\" \/>\n<meta property=\"og:description\" content=\"Le congr\u00e8s Rhinoplastie Structure &amp; Pr\u00e9servation 2022 a rassembl\u00e9 \u00e0 Istanbul (Turquie) l\u2019\u00e9lite de la rhinoplastie pour partager les connaissances actuelles sur les diff\u00e9rentes techniques de rhinoplastie de pr\u00e9servation, sur la rhinoplastie structurelle, sur la rhinoplastie ultrasonique. Deux jours de conf\u00e9rences les 23 et 24 juin, une journ\u00e9e de chirurgies en direct avec des rhinoplasties...\" \/>\n<meta property=\"og:url\" content=\"https:\/\/excellence-esthetique.fr\/fr\/istanbul-2022.html\" \/>\n<meta property=\"og:site_name\" content=\"Chirurgien rhinoplastie Paris : Dr Gerbault\" \/>\n<meta property=\"article:publisher\" content=\"https:\/\/www.facebook.com\/Dr.Gerbault\/\" \/>\n<meta property=\"article:author\" content=\"https:\/\/www.facebook.com\/Dr.Gerbault\/\" \/>\n<meta property=\"article:published_time\" content=\"2022-06-28T23:00:25+00:00\" \/>\n<meta property=\"article:modified_time\" content=\"2022-10-21T23:57:48+00:00\" \/>\n<meta property=\"og:image\" content=\"https:\/\/excellence-esthetique.fr\/wp-content\/uploads\/istanbul-2022-scaled-e1656628792835.jpg\" \/>\n\t<meta property=\"og:image:width\" content=\"533\" \/>\n\t<meta property=\"og:image:height\" content=\"400\" \/>\n\t<meta property=\"og:image:type\" content=\"image\/jpeg\" \/>\n<meta name=\"twitter:card\" content=\"summary_large_image\" \/>\n<meta name=\"twitter:creator\" content=\"@Dr_Gerbault\" \/>\n<meta name=\"twitter:site\" content=\"@Dr_Gerbault\" \/>\n<meta name=\"twitter:label1\" content=\"\u00c9crit par\" \/>\n\t<meta name=\"twitter:data1\" content=\"Dr Olivier Gerbault\" \/>\n\t<meta name=\"twitter:label2\" content=\"Dur\u00e9e de lecture estim\u00e9e\" \/>\n\t<meta name=\"twitter:data2\" content=\"1 minute\" \/>\n<script type=\"application\/ld+json\" class=\"yoast-schema-graph\">{\"@context\":\"https:\/\/schema.org\",\"@graph\":[{\"@type\":[\"Organization\",\"Place\",\"PlasticSurgery\"],\"@id\":\"https:\/\/excellence-esthetique.fr\/fr\/#organization\",\"name\":\"Chirurgien rhinoplastie Paris : Dr Gerbault\",\"url\":\"https:\/\/excellence-esthetique.fr\/fr\/\",\"sameAs\":[\"https:\/\/www.facebook.com\/Dr.Gerbault\/\",\"https:\/\/www.instagram.com\/dr_gerbault_rhinoplastie_paris\/\",\"https:\/\/www.linkedin.com\/in\/oliviergerbault\/\",\"https:\/\/www.youtube.com\/GERBOLIVIER\",\"https:\/\/twitter.com\/Dr_Gerbault\"],\"logo\":{\"@id\":\"https:\/\/excellence-esthetique.fr\/fr\/istanbul-2022.html#local-main-organization-logo\"},\"image\":{\"@id\":\"https:\/\/excellence-esthetique.fr\/fr\/istanbul-2022.html#local-main-organization-logo\"},\"address\":{\"@id\":\"https:\/\/excellence-esthetique.fr\/fr\/istanbul-2022.html#local-main-place-address\"},\"geo\":{\"@type\":\"GeoCoordinates\",\"latitude\":\"48.86772289599891\",\"longitude\":\"2.2794640614090103\"},\"telephone\":[\"+33153663030\"],\"openingHoursSpecification\":{\"@type\":\"OpeningHoursSpecification\",\"dayOfWeek\":[\"Monday\",\"Tuesday\",\"Wednesday\",\"Thursday\",\"Friday\",\"Saturday\",\"Sunday\"],\"opens\":\"00:00\",\"closes\":\"23:59\"},\"areaServed\":\"France\",\"vatID\":\"FR54488777194\",\"taxID\":\"FR54488777194\",\"priceRange\":\"$$$$\"},{\"@type\":\"WebSite\",\"@id\":\"https:\/\/excellence-esthetique.fr\/fr\/#website\",\"url\":\"https:\/\/excellence-esthetique.fr\/fr\/\",\"name\":\"Chirurgien rhinoplastie Paris : Dr Gerbault\",\"description\":\"\",\"publisher\":{\"@id\":\"https:\/\/excellence-esthetique.fr\/fr\/#organization\"},\"potentialAction\":[{\"@type\":\"SearchAction\",\"target\":{\"@type\":\"EntryPoint\",\"urlTemplate\":\"https:\/\/excellence-esthetique.fr\/fr\/?s={search_term_string}\"},\"query-input\":\"required name=search_term_string\"}],\"inLanguage\":\"fr-FR\"},{\"@type\":\"ImageObject\",\"@id\":\"https:\/\/excellence-esthetique.fr\/fr\/istanbul-2022.html#primaryimage\",\"inLanguage\":\"fr-FR\",\"url\":\"https:\/\/excellence-esthetique.fr\/wp-content\/uploads\/istanbul-2022-scaled-e1656628792835.jpg\",\"contentUrl\":\"https:\/\/excellence-esthetique.fr\/wp-content\/uploads\/istanbul-2022-scaled-e1656628792835.jpg\",\"width\":533,\"height\":400,\"caption\":\"Structure & Preservation Rhinoplasty Conference 2022, Istanbul\"},{\"@type\":[\"WebPage\",\"MedicalWebPage\"],\"@id\":\"https:\/\/excellence-esthetique.fr\/fr\/istanbul-2022.html#webpage\",\"url\":\"https:\/\/excellence-esthetique.fr\/fr\/istanbul-2022.html\",\"name\":\"Congr\u00e8s Rhinoplastie Structure & Pr\u00e9servation 2022 \u00e0 Istanbul (Turquie)\",\"isPartOf\":{\"@id\":\"https:\/\/excellence-esthetique.fr\/fr\/#website\"},\"primaryImageOfPage\":{\"@id\":\"https:\/\/excellence-esthetique.fr\/fr\/istanbul-2022.html#primaryimage\"},\"datePublished\":\"2022-06-28T23:00:25+00:00\",\"dateModified\":\"2022-10-21T23:57:48+00:00\",\"breadcrumb\":{\"@id\":\"https:\/\/excellence-esthetique.fr\/fr\/istanbul-2022.html#breadcrumb\"},\"inLanguage\":\"fr-FR\",\"potentialAction\":[{\"@type\":\"ReadAction\",\"target\":[\"https:\/\/excellence-esthetique.fr\/fr\/istanbul-2022.html\"]}]},{\"@type\":\"BreadcrumbList\",\"@id\":\"https:\/\/excellence-esthetique.fr\/fr\/istanbul-2022.html#breadcrumb\",\"itemListElement\":[{\"@type\":\"ListItem\",\"position\":1,\"name\":\"Chirurgie esth\u00e9tique Paris\",\"item\":\"https:\/\/excellence-esthetique.fr\/fr\"},{\"@type\":\"ListItem\",\"position\":2,\"name\":\"Actualit\u00e9s\",\"item\":\"https:\/\/excellence-esthetique.fr\/fr\/blog\/\"},{\"@type\":\"ListItem\",\"position\":3,\"name\":\"Congr\u00e8s Rhinoplastie Structure &#038; Pr\u00e9servation 2022 \u00e0 Istanbul (Turquie)\"}]},{\"@type\":\"Article\",\"@id\":\"https:\/\/excellence-esthetique.fr\/fr\/istanbul-2022.html#article\",\"isPartOf\":{\"@id\":\"https:\/\/excellence-esthetique.fr\/fr\/istanbul-2022.html#webpage\"},\"author\":{\"@id\":\"https:\/\/excellence-esthetique.fr\/fr\/#\/schema\/person\/18e47300fb6bb54eaa76163c6c3d5f86\"},\"headline\":\"Congr\u00e8s Rhinoplastie Structure &#038; Pr\u00e9servation 2022 \u00e0 Istanbul (Turquie)\",\"datePublished\":\"2022-06-28T23:00:25+00:00\",\"dateModified\":\"2022-10-21T23:57:48+00:00\",\"mainEntityOfPage\":{\"@id\":\"https:\/\/excellence-esthetique.fr\/fr\/istanbul-2022.html#webpage\"},\"wordCount\":156,\"commentCount\":0,\"publisher\":{\"@id\":\"https:\/\/excellence-esthetique.fr\/fr\/#organization\"},\"image\":{\"@id\":\"https:\/\/excellence-esthetique.fr\/fr\/istanbul-2022.html#primaryimage\"},\"thumbnailUrl\":\"https:\/\/excellence-esthetique.fr\/wp-content\/uploads\/istanbul-2022-scaled-e1656628792835.jpg\",\"articleSection\":[\"Actualit\u00e9s\"],\"inLanguage\":\"fr-FR\",\"potentialAction\":[{\"@type\":\"CommentAction\",\"name\":\"Comment\",\"target\":[\"https:\/\/excellence-esthetique.fr\/fr\/istanbul-2022.html#respond\"]}]},{\"@type\":\"Person\",\"@id\":\"https:\/\/excellence-esthetique.fr\/fr\/#\/schema\/person\/18e47300fb6bb54eaa76163c6c3d5f86\",\"name\":\"Dr Olivier Gerbault\",\"sameAs\":[\"https:\/\/excellence-esthetique.fr\/fr\/dr-gerbault\/\",\"https:\/\/www.facebook.com\/Dr.Gerbault\/\",\"https:\/\/www.instagram.com\/dr_gerbault_rhinoplastie_paris\/\",\"https:\/\/www.linkedin.com\/in\/oliviergerbault\/\",\"https:\/\/twitter.com\/Dr_Gerbault\",\"https:\/\/www.youtube.com\/channel\/UCEe5FdN1eZE5T2E_8ndZjfw\"]},{\"@type\":\"PostalAddress\",\"@id\":\"https:\/\/excellence-esthetique.fr\/fr\/istanbul-2022.html#local-main-place-address\",\"streetAddress\":\"138 avenue Victor Hugo\",\"addressLocality\":\"Paris\",\"postalCode\":\"75116\",\"addressCountry\":\"FR\"},{\"@type\":\"ImageObject\",\"@id\":\"https:\/\/excellence-esthetique.fr\/fr\/istanbul-2022.html#local-main-organization-logo\",\"inLanguage\":\"fr-FR\",\"url\":\"https:\/\/excellence-esthetique.fr\/wp-content\/uploads\/logo.jpg\",\"contentUrl\":\"https:\/\/excellence-esthetique.fr\/wp-content\/uploads\/logo.jpg\",\"width\":600,\"height\":334,\"caption\":\"Chirurgien rhinoplastie Paris : Dr Gerbault\"}]}<\/script>\n<meta name=\"geo.placename\" content=\"Paris\" \/>\n<meta name=\"geo.position\" content=\"48.86772289599891;2.2794640614090103\" \/>\n<meta name=\"geo.region\" content=\"France\" \/>\n<!-- \/ Yoast SEO plugin. -->","yoast_head_json":{"title":"Congr\u00e8s Rhinoplastie Structure & Pr\u00e9servation 2022 \u00e0 Istanbul (Turquie)","robots":{"index":"index","follow":"follow","max-snippet":"max-snippet:-1","max-image-preview":"max-image-preview:large","max-video-preview":"max-video-preview:-1"},"canonical":"https:\/\/excellence-esthetique.fr\/fr\/istanbul-2022.html","og_locale":"fr_FR","og_type":"article","og_title":"Congr\u00e8s Rhinoplastie Structure & Pr\u00e9servation 2022 \u00e0 Istanbul (Turquie)","og_description":"Le congr\u00e8s Rhinoplastie Structure &amp; Pr\u00e9servation 2022 a rassembl\u00e9 \u00e0 Istanbul (Turquie) l\u2019\u00e9lite de la rhinoplastie pour partager les connaissances actuelles sur les diff\u00e9rentes techniques de rhinoplastie de pr\u00e9servation, sur la rhinoplastie structurelle, sur la rhinoplastie ultrasonique. Deux jours de conf\u00e9rences les 23 et 24 juin, une journ\u00e9e de chirurgies en direct avec des rhinoplasties...","og_url":"https:\/\/excellence-esthetique.fr\/fr\/istanbul-2022.html","og_site_name":"Chirurgien rhinoplastie Paris : Dr Gerbault","article_publisher":"https:\/\/www.facebook.com\/Dr.Gerbault\/","article_author":"https:\/\/www.facebook.com\/Dr.Gerbault\/","article_published_time":"2022-06-28T23:00:25+00:00","article_modified_time":"2022-10-21T23:57:48+00:00","og_image":[{"width":533,"height":400,"url":"https:\/\/excellence-esthetique.fr\/wp-content\/uploads\/istanbul-2022-scaled-e1656628792835.jpg","type":"image\/jpeg"}],"twitter_card":"summary_large_image","twitter_creator":"@Dr_Gerbault","twitter_site":"@Dr_Gerbault","twitter_misc":{"\u00c9crit par":"Dr Olivier Gerbault","Dur\u00e9e de lecture estim\u00e9e":"1 minute"},"schema":{"@context":"https:\/\/schema.org","@graph":[{"@type":["Organization","Place","PlasticSurgery"],"@id":"https:\/\/excellence-esthetique.fr\/fr\/#organization","name":"Chirurgien rhinoplastie Paris : Dr Gerbault","url":"https:\/\/excellence-esthetique.fr\/fr\/","sameAs":["https:\/\/www.facebook.com\/Dr.Gerbault\/","https:\/\/www.instagram.com\/dr_gerbault_rhinoplastie_paris\/","https:\/\/www.linkedin.com\/in\/oliviergerbault\/","https:\/\/www.youtube.com\/GERBOLIVIER","https:\/\/twitter.com\/Dr_Gerbault"],"logo":{"@id":"https:\/\/excellence-esthetique.fr\/fr\/istanbul-2022.html#local-main-organization-logo"},"image":{"@id":"https:\/\/excellence-esthetique.fr\/fr\/istanbul-2022.html#local-main-organization-logo"},"address":{"@id":"https:\/\/excellence-esthetique.fr\/fr\/istanbul-2022.html#local-main-place-address"},"geo":{"@type":"GeoCoordinates","latitude":"48.86772289599891","longitude":"2.2794640614090103"},"telephone":["+33153663030","+33153663030"],"openingHoursSpecification":{"@type":"OpeningHoursSpecification","dayOfWeek":["Monday","Tuesday","Wednesday","Thursday","Friday","Saturday","Sunday"],"opens":"00:00","closes":"23:59"},"areaServed":"France","vatID":"FR54488777194","taxID":"FR54488777194","priceRange":"$$$$"},{"@type":"WebSite","@id":"https:\/\/excellence-esthetique.fr\/fr\/#website","url":"https:\/\/excellence-esthetique.fr\/fr\/","name":"Chirurgien rhinoplastie Paris : Dr Gerbault","description":"","publisher":{"@id":"https:\/\/excellence-esthetique.fr\/fr\/#organization"},"potentialAction":[{"@type":"SearchAction","target":{"@type":"EntryPoint","urlTemplate":"https:\/\/excellence-esthetique.fr\/fr\/?s={search_term_string}"},"query-input":"required name=search_term_string"}],"inLanguage":"fr-FR"},{"@type":"ImageObject","@id":"https:\/\/excellence-esthetique.fr\/fr\/istanbul-2022.html#primaryimage","inLanguage":"fr-FR","url":"https:\/\/excellence-esthetique.fr\/wp-content\/uploads\/istanbul-2022-scaled-e1656628792835.jpg","contentUrl":"https:\/\/excellence-esthetique.fr\/wp-content\/uploads\/istanbul-2022-scaled-e1656628792835.jpg","width":533,"height":400,"caption":"Structure & Preservation Rhinoplasty Conference 2022, Istanbul"},{"@type":["WebPage","MedicalWebPage"],"@id":"https:\/\/excellence-esthetique.fr\/fr\/istanbul-2022.html#webpage","url":"https:\/\/excellence-esthetique.fr\/fr\/istanbul-2022.html","name":"Congr\u00e8s Rhinoplastie Structure & Pr\u00e9servation 2022 \u00e0 Istanbul (Turquie)","isPartOf":{"@id":"https:\/\/excellence-esthetique.fr\/fr\/#website"},"primaryImageOfPage":{"@id":"https:\/\/excellence-esthetique.fr\/fr\/istanbul-2022.html#primaryimage"},"datePublished":"2022-06-28T23:00:25+00:00","dateModified":"2022-10-21T23:57:48+00:00","breadcrumb":{"@id":"https:\/\/excellence-esthetique.fr\/fr\/istanbul-2022.html#breadcrumb"},"inLanguage":"fr-FR","potentialAction":[{"@type":"ReadAction","target":["https:\/\/excellence-esthetique.fr\/fr\/istanbul-2022.html"]}]},{"@type":"BreadcrumbList","@id":"https:\/\/excellence-esthetique.fr\/fr\/istanbul-2022.html#breadcrumb","itemListElement":[{"@type":"ListItem","position":1,"name":"Chirurgie esth\u00e9tique Paris","item":"https:\/\/excellence-esthetique.fr\/fr"},{"@type":"ListItem","position":2,"name":"Actualit\u00e9s","item":"https:\/\/excellence-esthetique.fr\/fr\/blog\/"},{"@type":"ListItem","position":3,"name":"Congr\u00e8s Rhinoplastie Structure &#038; Pr\u00e9servation 2022 \u00e0 Istanbul (Turquie)"}]},{"@type":"Article","@id":"https:\/\/excellence-esthetique.fr\/fr\/istanbul-2022.html#article","isPartOf":{"@id":"https:\/\/excellence-esthetique.fr\/fr\/istanbul-2022.html#webpage"},"author":{"@id":"https:\/\/excellence-esthetique.fr\/fr\/#\/schema\/person\/18e47300fb6bb54eaa76163c6c3d5f86"},"headline":"Congr\u00e8s Rhinoplastie Structure &#038; Pr\u00e9servation 2022 \u00e0 Istanbul (Turquie)","datePublished":"2022-06-28T23:00:25+00:00","dateModified":"2022-10-21T23:57:48+00:00","mainEntityOfPage":{"@id":"https:\/\/excellence-esthetique.fr\/fr\/istanbul-2022.html#webpage"},"wordCount":156,"commentCount":0,"publisher":{"@id":"https:\/\/excellence-esthetique.fr\/fr\/#organization"},"image":{"@id":"https:\/\/excellence-esthetique.fr\/fr\/istanbul-2022.html#primaryimage"},"thumbnailUrl":"https:\/\/excellence-esthetique.fr\/wp-content\/uploads\/istanbul-2022-scaled-e1656628792835.jpg","articleSection":["Actualit\u00e9s"],"inLanguage":"fr-FR","potentialAction":[{"@type":"CommentAction","name":"Comment","target":["https:\/\/excellence-esthetique.fr\/fr\/istanbul-2022.html#respond"]}]},{"@type":"Person","@id":"https:\/\/excellence-esthetique.fr\/fr\/#\/schema\/person\/18e47300fb6bb54eaa76163c6c3d5f86","name":"Dr Olivier Gerbault","sameAs":["https:\/\/excellence-esthetique.fr\/fr\/dr-gerbault\/","https:\/\/www.facebook.com\/Dr.Gerbault\/","https:\/\/www.instagram.com\/dr_gerbault_rhinoplastie_paris\/","https:\/\/www.linkedin.com\/in\/oliviergerbault\/","https:\/\/twitter.com\/Dr_Gerbault","https:\/\/www.youtube.com\/channel\/UCEe5FdN1eZE5T2E_8ndZjfw"]},{"@type":"PostalAddress","@id":"https:\/\/excellence-esthetique.fr\/fr\/istanbul-2022.html#local-main-place-address","streetAddress":"138 avenue Victor Hugo","addressLocality":"Paris","postalCode":"75116","addressCountry":"FR"},{"@type":"ImageObject","@id":"https:\/\/excellence-esthetique.fr\/fr\/istanbul-2022.html#local-main-organization-logo","inLanguage":"fr-FR","url":"https:\/\/excellence-esthetique.fr\/wp-content\/uploads\/logo.jpg","contentUrl":"https:\/\/excellence-esthetique.fr\/wp-content\/uploads\/logo.jpg","width":600,"height":334,"caption":"Chirurgien rhinoplastie Paris : Dr Gerbault"}]},"geo.placename":"Paris","geo.position":{"lat":"48.86772289599891","long":"2.2794640614090103"},"geo.region":"France"},"_links":{"self":[{"href":"https:\/\/excellence-esthetique.fr\/fr\/wp-json\/wp\/v2\/posts\/23203"}],"collection":[{"href":"https:\/\/excellence-esthetique.fr\/fr\/wp-json\/wp\/v2\/posts"}],"about":[{"href":"https:\/\/excellence-esthetique.fr\/fr\/wp-json\/wp\/v2\/types\/post"}],"author":[{"embeddable":true,"href":"https:\/\/excellence-esthetique.fr\/fr\/wp-json\/wp\/v2\/users\/5"}],"replies":[{"embeddable":true,"href":"https:\/\/excellence-esthetique.fr\/fr\/wp-json\/wp\/v2\/comments?post=23203"}],"version-history":[{"count":8,"href":"https:\/\/excellence-esthetique.fr\/fr\/wp-json\/wp\/v2\/posts\/23203\/revisions"}],"predecessor-version":[{"id":23819,"href":"https:\/\/excellence-esthetique.fr\/fr\/wp-json\/wp\/v2\/posts\/23203\/revisions\/23819"}],"wp:featuredmedia":[{"embeddable":true,"href":"https:\/\/excellence-esthetique.fr\/fr\/wp-json\/wp\/v2\/media\/23207"}],"wp:attachment":[{"href":"https:\/\/excellence-esthetique.fr\/fr\/wp-json\/wp\/v2\/media?parent=23203"}],"wp:term":[{"taxonomy":"category","embeddable":true,"href":"https:\/\/excellence-esthetique.fr\/fr\/wp-json\/wp\/v2\/categories?post=23203"},{"taxonomy":"post_tag","embeddable":true,"href":"https:\/\/excellence-esthetique.fr\/fr\/wp-json\/wp\/v2\/tags?post=23203"}],"curies":[{"name":"wp","href":"https:\/\/api.w.org\/{rel}","templated":true}]}}