{"id":23399,"date":"2017-10-10T00:00:45","date_gmt":"2017-10-09T23:00:45","guid":{"rendered":"https:\/\/excellence-esthetique.fr\/?p=23399"},"modified":"2022-11-16T03:30:59","modified_gmt":"2022-11-16T02:30:59","slug":"rhinoplastie-ultrasonique-marseille","status":"publish","type":"post","link":"https:\/\/excellence-esthetique.fr\/fr\/rhinoplastie-ultrasonique-marseille.html","title":{"rendered":"Rhinoplastie ultrasonique \u00e0 Marseille : congr\u00e8s SFSCMFCO"},"content":{"rendered":"<h2>Congr\u00e8s de la Soci\u00e9t\u00e9 Fran\u00e7aise de Stomatologie, Chirurgie Maxillo Faciale et Chirurgie Orale<\/h2>\n<p>Le <a href=\"https:\/\/excellence-esthetique.fr\/fr\/dr-gerbault\/\">Docteur Olivier Gerbault<\/a> a \u00e9t\u00e9 l'un des invit\u00e9s d\u2019honneur du 53\u1d49 congr\u00e8s de la Soci\u00e9t\u00e9 Fran\u00e7aise de Stomatologie, Chirurgie Maxillo Faciale et Chirurgie Orale (<a href=\"https:\/\/sfscmfco.fr\/\" target=\"_blank\" rel=\"nofollow noopener\">SFSCMFCO<\/a>) qui s'est tenu \u00e0 Marseille du 4 au 7 octobre 2017.<\/p>\n<p>Il a donn\u00e9 une conf\u00e9rence d\u2019expert sur la rhinoplastie ultrasonique juste apr\u00e8s la conf\u00e9rence du <strong>Pr. Bernard Devauchelle<\/strong> sur les greffes de visage. Il a par ailleurs donn\u00e9 cours de formation sur la rhinoplastie ultrasonique d'une heure pour les chirurgiens maxillofaciaux fran\u00e7ais et internationaux.<\/p>\n<h2>D\u00e9mocratisation de la rhinoplastie ultrasonique<\/h2>\n<p>Le Dr Gerbault a d\u00e9j\u00e0 plus de 5 ans d\u2019exp\u00e9rience en <a href=\"https:\/\/excellence-esthetique.fr\/fr\/rhinoplastie-ultrasonique\/\">rhinoplastie ultrasonique<\/a> et en septoplastie ultrasonique, a d\u00e9velopp\u00e9 toute une gamme d\u2019inserts courts et de techniques pour la rhinoplastie ultrasonique ouverte, et travaille sur les inserts longs pour la septoplastie ultrasonique, la rhinoplastie ultrasonique ferm\u00e9e, mais aussi pour les techniques de <a href=\"https:\/\/excellence-esthetique.fr\/fr\/preservation-rhinoplasty.html\">rhinoplastie de pr\u00e9servation<\/a> qui commencent \u00e0 se d\u00e9velopper.<\/p>\n<p>Les inserts d\u00e9velopp\u00e9s par le Dr Gerbault avec le laboratoire <strong>Acteon<\/strong> sont commercialis\u00e9s depuis 2016.<\/p>\n<p>De nombreux chirurgiens esth\u00e9tique sp\u00e9cialis\u00e9s dans les chirurgies du nez utilisent la technique de rhinoplastie ultrasonique \u00e0 travers le monde en cette fin d'ann\u00e9e 2017, et les avis sont unanimes concernant les b\u00e9n\u00e9fices de cette nouvelle technique.<\/p>\n<h2>La rhinoplastie ultrasonique \u00e0 Marseille<\/h2>\n<p>Mais pour le moment, aucun chirurgien en France, que ce soit \u00e0 Marseille ou ailleurs, ne pratique la rhinoplastie ultrasonique. C\u2019est pour cela que le Dr Gerbault a entam\u00e9 depuis fin 2016 une s\u00e9rie de conf\u00e9rences et d\u2019ateliers de formation pour ses confr\u00e8res plasticiens, ORL et chirurgiens maxillo faciaux.<\/p>\n<p>Les chirurgiens maxillofaciaux connaissent la piezochirurgie puisqu\u2019ils l\u2019utilisent pour les soins dentaires, mais aussi pour diverses chirurgies du visage, notamment en chirurgie orthognathique. Cependant, aucun chirurgien ne l\u2019avait jusque-l\u00e0 utilis\u00e9e pour les chirurgies esth\u00e9tiques du nez.<\/p>\n<p>Le Dr Gerbault a r\u00e9pondu \u00e0 de nombreuses questions et avis de coll\u00e8gues int\u00e9ress\u00e9s par ces nouvelles techniques, et il met en route des formations gracieuses au bloc op\u00e9ratoire afin de former ses coll\u00e8gues aux techniques de rhinoplastie ultrasonique et septoplastie ultrasonique, aussi bien en rhinoplastie structurelle qu\u2019en rhinoplastie de pr\u00e9servation.<\/p>\n<p>La rhinoplastie ultrasonique a un ainsi \u00e9t\u00e9 une des grandes nouveaut\u00e9s du congr\u00e8s de la SFSCMFO \u00e0 Marseille, et son d\u00e9veloppement aupr\u00e8s des chirurgiens maxillofaciaux est tr\u00e8s prometteur.<\/p>\n<p><img loading=\"lazy\" class=\"wp-image-23403 size-full aligncenter\" src=\"https:\/\/excellence-esthetique.fr\/wp-content\/uploads\/rhinoplastie-marseille-SFSCMFCO.jpg\" alt=\"Rhinoplastie \u00e0 Marseille\" width=\"750\" height=\"150\" srcset=\"https:\/\/excellence-esthetique.fr\/wp-content\/uploads\/rhinoplastie-marseille-SFSCMFCO.jpg 750w, https:\/\/excellence-esthetique.fr\/wp-content\/uploads\/rhinoplastie-marseille-SFSCMFCO-350x70.jpg 350w, https:\/\/excellence-esthetique.fr\/wp-content\/uploads\/rhinoplastie-marseille-SFSCMFCO-520x104.jpg 520w\" sizes=\"(max-width: 750px) 100vw, 750px\"><\/p>\n<p><em>Le programme du congr\u00e8s est \u00e0 retrouver sur le lien suivant :\u00a0<\/em><a href=\"https:\/\/excellence-esthetique.fr\/wp-content\/uploads\/programme-SFSCMFCO-2017-marseille.pdf\">Programme du congr\u00e8s SFSCMFCO 2017<\/a>.<\/p>\n<hr>\n<p style=\"text-align: center;\"><em>Date de publication :\u00a0<time datetime=\"2017-10-10\">10 octobre 2017<\/time><\/em><\/p>\n\n<div class=\"kk-star-ratings\n     kksr-valign-bottom     kksr-align-center    \"\n    data-payload=\"{&quot;align&quot;:&quot;center&quot;,&quot;id&quot;:&quot;23399&quot;,&quot;slug&quot;:&quot;default&quot;,&quot;valign&quot;:&quot;bottom&quot;,&quot;reference&quot;:&quot;auto&quot;,&quot;count&quot;:&quot;47&quot;,&quot;readonly&quot;:&quot;&quot;,&quot;score&quot;:&quot;5&quot;,&quot;best&quot;:&quot;5&quot;,&quot;gap&quot;:&quot;4&quot;,&quot;greet&quot;:&quot;Noter cette page&quot;,&quot;legend&quot;:&quot;5\\\/5 - (47 votes)&quot;,&quot;size&quot;:&quot;14&quot;,&quot;width&quot;:&quot;88&quot;,&quot;_legend&quot;:&quot;{score}\\\/{best} - ({count} {votes})&quot;}\">\n    \n<div class=\"kksr-stars\">\n    \n<div class=\"kksr-stars-inactive\">\n            <div class=\"kksr-star\" data-star=\"1\" style=\"padding-right: 4px\">\n            \n\n<div class=\"kksr-icon\" style=\"width: 14px; height: 14px;\"><\/div>\n        <\/div>\n            <div class=\"kksr-star\" data-star=\"2\" style=\"padding-right: 4px\">\n            \n\n<div class=\"kksr-icon\" style=\"width: 14px; height: 14px;\"><\/div>\n        <\/div>\n            <div class=\"kksr-star\" data-star=\"3\" style=\"padding-right: 4px\">\n            \n\n<div class=\"kksr-icon\" style=\"width: 14px; height: 14px;\"><\/div>\n        <\/div>\n            <div class=\"kksr-star\" data-star=\"4\" style=\"padding-right: 4px\">\n            \n\n<div class=\"kksr-icon\" style=\"width: 14px; height: 14px;\"><\/div>\n        <\/div>\n            <div class=\"kksr-star\" data-star=\"5\" style=\"padding-right: 4px\">\n            \n\n<div class=\"kksr-icon\" style=\"width: 14px; height: 14px;\"><\/div>\n        <\/div>\n    <\/div>\n    \n<div class=\"kksr-stars-active\" style=\"width: 88px;\">\n            <div class=\"kksr-star\" style=\"padding-right: 4px\">\n            \n\n<div class=\"kksr-icon\" style=\"width: 14px; height: 14px;\"><\/div>\n        <\/div>\n            <div class=\"kksr-star\" style=\"padding-right: 4px\">\n            \n\n<div class=\"kksr-icon\" style=\"width: 14px; height: 14px;\"><\/div>\n        <\/div>\n            <div class=\"kksr-star\" style=\"padding-right: 4px\">\n            \n\n<div class=\"kksr-icon\" style=\"width: 14px; height: 14px;\"><\/div>\n        <\/div>\n            <div class=\"kksr-star\" style=\"padding-right: 4px\">\n            \n\n<div class=\"kksr-icon\" style=\"width: 14px; height: 14px;\"><\/div>\n        <\/div>\n            <div class=\"kksr-star\" style=\"padding-right: 4px\">\n            \n\n<div class=\"kksr-icon\" style=\"width: 14px; height: 14px;\"><\/div>\n        <\/div>\n    <\/div>\n<\/div>\n    \n<div class=\"kksr-legend\">\n            5\/5 - (47 votes)    <\/div>\n<\/div>\n\n\n","protected":false},"excerpt":{"rendered":"<p>Congr\u00e8s de la Soci\u00e9t\u00e9 Fran\u00e7aise de Stomatologie, Chirurgie Maxillo Faciale et Chirurgie Orale Le Docteur Olivier Gerbault a \u00e9t\u00e9 l&rsquo;un des invit\u00e9s d\u2019honneur du 53\u1d49 congr\u00e8s de la Soci\u00e9t\u00e9 Fran\u00e7aise de Stomatologie, Chirurgie Maxillo Faciale et Chirurgie Orale (SFSCMFCO) qui s&rsquo;est tenu \u00e0 Marseille du 4 au 7 octobre 2017. Il a donn\u00e9 une conf\u00e9rence&#8230;<\/p>\n","protected":false},"author":5,"featured_media":23405,"comment_status":"open","ping_status":"closed","sticky":false,"template":"","format":"standard","meta":[],"categories":[172],"tags":[],"acf":[],"yoast_head":"<!-- This site is optimized with the Yoast SEO plugin v18.3 - https:\/\/yoast.com\/wordpress\/plugins\/seo\/ -->\n<title>Rhinoplastie ultrasonique \u00e0 Marseille<\/title>\n<meta name=\"robots\" content=\"index, follow, max-snippet:-1, max-image-preview:large, max-video-preview:-1\" \/>\n<link rel=\"canonical\" href=\"https:\/\/excellence-esthetique.fr\/fr\/rhinoplastie-ultrasonique-marseille.html\" \/>\n<meta property=\"og:locale\" content=\"fr_FR\" \/>\n<meta property=\"og:type\" content=\"article\" \/>\n<meta property=\"og:title\" content=\"Rhinoplastie ultrasonique \u00e0 Marseille\" \/>\n<meta property=\"og:description\" content=\"Congr\u00e8s de la Soci\u00e9t\u00e9 Fran\u00e7aise de Stomatologie, Chirurgie Maxillo Faciale et Chirurgie Orale Le Docteur Olivier Gerbault a \u00e9t\u00e9 l&#039;un des invit\u00e9s d\u2019honneur du 53\u1d49 congr\u00e8s de la Soci\u00e9t\u00e9 Fran\u00e7aise de Stomatologie, Chirurgie Maxillo Faciale et Chirurgie Orale (SFSCMFCO) qui s&#039;est tenu \u00e0 Marseille du 4 au 7 octobre 2017. Il a donn\u00e9 une conf\u00e9rence...\" \/>\n<meta property=\"og:url\" content=\"https:\/\/excellence-esthetique.fr\/fr\/rhinoplastie-ultrasonique-marseille.html\" \/>\n<meta property=\"og:site_name\" content=\"Chirurgien rhinoplastie Paris : Dr Gerbault\" \/>\n<meta property=\"article:publisher\" content=\"https:\/\/www.facebook.com\/Dr.Gerbault\/\" \/>\n<meta property=\"article:author\" content=\"https:\/\/www.facebook.com\/Dr.Gerbault\/\" \/>\n<meta property=\"article:published_time\" content=\"2017-10-09T23:00:45+00:00\" \/>\n<meta property=\"article:modified_time\" content=\"2022-11-16T02:30:59+00:00\" \/>\n<meta property=\"og:image\" content=\"https:\/\/excellence-esthetique.fr\/wp-content\/uploads\/rhinoplastie-ultrasonique-marseille-e1659122310408.jpg\" \/>\n\t<meta property=\"og:image:width\" content=\"433\" \/>\n\t<meta property=\"og:image:height\" content=\"400\" \/>\n\t<meta property=\"og:image:type\" content=\"image\/jpeg\" \/>\n<meta name=\"twitter:card\" content=\"summary_large_image\" \/>\n<meta name=\"twitter:creator\" content=\"@Dr_Gerbault\" \/>\n<meta name=\"twitter:site\" content=\"@Dr_Gerbault\" \/>\n<meta name=\"twitter:label1\" content=\"\u00c9crit par\" \/>\n\t<meta name=\"twitter:data1\" content=\"Dr Olivier Gerbault\" \/>\n\t<meta name=\"twitter:label2\" content=\"Dur\u00e9e de lecture estim\u00e9e\" \/>\n\t<meta name=\"twitter:data2\" content=\"2 minutes\" \/>\n<script type=\"application\/ld+json\" class=\"yoast-schema-graph\">{\"@context\":\"https:\/\/schema.org\",\"@graph\":[{\"@type\":[\"Organization\",\"Place\",\"PlasticSurgery\"],\"@id\":\"https:\/\/excellence-esthetique.fr\/fr\/#organization\",\"name\":\"Chirurgien rhinoplastie Paris : Dr Gerbault\",\"url\":\"https:\/\/excellence-esthetique.fr\/fr\/\",\"sameAs\":[\"https:\/\/www.facebook.com\/Dr.Gerbault\/\",\"https:\/\/www.instagram.com\/dr_gerbault_rhinoplastie_paris\/\",\"https:\/\/www.linkedin.com\/in\/oliviergerbault\/\",\"https:\/\/www.youtube.com\/GERBOLIVIER\",\"https:\/\/twitter.com\/Dr_Gerbault\"],\"logo\":{\"@id\":\"https:\/\/excellence-esthetique.fr\/fr\/rhinoplastie-ultrasonique-marseille.html#local-main-organization-logo\"},\"image\":{\"@id\":\"https:\/\/excellence-esthetique.fr\/fr\/rhinoplastie-ultrasonique-marseille.html#local-main-organization-logo\"},\"address\":{\"@id\":\"https:\/\/excellence-esthetique.fr\/fr\/rhinoplastie-ultrasonique-marseille.html#local-main-place-address\"},\"geo\":{\"@type\":\"GeoCoordinates\",\"latitude\":\"48.86772289599891\",\"longitude\":\"2.2794640614090103\"},\"telephone\":[\"+33153663030\"],\"openingHoursSpecification\":{\"@type\":\"OpeningHoursSpecification\",\"dayOfWeek\":[\"Monday\",\"Tuesday\",\"Wednesday\",\"Thursday\",\"Friday\",\"Saturday\",\"Sunday\"],\"opens\":\"00:00\",\"closes\":\"23:59\"},\"areaServed\":\"France\",\"vatID\":\"FR54488777194\",\"taxID\":\"FR54488777194\",\"priceRange\":\"$$$$\"},{\"@type\":\"WebSite\",\"@id\":\"https:\/\/excellence-esthetique.fr\/fr\/#website\",\"url\":\"https:\/\/excellence-esthetique.fr\/fr\/\",\"name\":\"Chirurgien rhinoplastie Paris : Dr Gerbault\",\"description\":\"\",\"publisher\":{\"@id\":\"https:\/\/excellence-esthetique.fr\/fr\/#organization\"},\"potentialAction\":[{\"@type\":\"SearchAction\",\"target\":{\"@type\":\"EntryPoint\",\"urlTemplate\":\"https:\/\/excellence-esthetique.fr\/fr\/?s={search_term_string}\"},\"query-input\":\"required name=search_term_string\"}],\"inLanguage\":\"fr-FR\"},{\"@type\":\"ImageObject\",\"@id\":\"https:\/\/excellence-esthetique.fr\/fr\/rhinoplastie-ultrasonique-marseille.html#primaryimage\",\"inLanguage\":\"fr-FR\",\"url\":\"https:\/\/excellence-esthetique.fr\/wp-content\/uploads\/rhinoplastie-ultrasonique-marseille-e1659122310408.jpg\",\"contentUrl\":\"https:\/\/excellence-esthetique.fr\/wp-content\/uploads\/rhinoplastie-ultrasonique-marseille-e1659122310408.jpg\",\"width\":433,\"height\":400,\"caption\":\"Rhinoplastie ultrasonique \u00e0 Marseille\"},{\"@type\":[\"WebPage\",\"MedicalWebPage\"],\"@id\":\"https:\/\/excellence-esthetique.fr\/fr\/rhinoplastie-ultrasonique-marseille.html#webpage\",\"url\":\"https:\/\/excellence-esthetique.fr\/fr\/rhinoplastie-ultrasonique-marseille.html\",\"name\":\"Rhinoplastie ultrasonique \u00e0 Marseille\",\"isPartOf\":{\"@id\":\"https:\/\/excellence-esthetique.fr\/fr\/#website\"},\"primaryImageOfPage\":{\"@id\":\"https:\/\/excellence-esthetique.fr\/fr\/rhinoplastie-ultrasonique-marseille.html#primaryimage\"},\"datePublished\":\"2017-10-09T23:00:45+00:00\",\"dateModified\":\"2022-11-16T02:30:59+00:00\",\"breadcrumb\":{\"@id\":\"https:\/\/excellence-esthetique.fr\/fr\/rhinoplastie-ultrasonique-marseille.html#breadcrumb\"},\"inLanguage\":\"fr-FR\",\"potentialAction\":[{\"@type\":\"ReadAction\",\"target\":[\"https:\/\/excellence-esthetique.fr\/fr\/rhinoplastie-ultrasonique-marseille.html\"]}]},{\"@type\":\"BreadcrumbList\",\"@id\":\"https:\/\/excellence-esthetique.fr\/fr\/rhinoplastie-ultrasonique-marseille.html#breadcrumb\",\"itemListElement\":[{\"@type\":\"ListItem\",\"position\":1,\"name\":\"Chirurgie esth\u00e9tique Paris\",\"item\":\"https:\/\/excellence-esthetique.fr\/fr\"},{\"@type\":\"ListItem\",\"position\":2,\"name\":\"Actualit\u00e9s\",\"item\":\"https:\/\/excellence-esthetique.fr\/fr\/blog\/\"},{\"@type\":\"ListItem\",\"position\":3,\"name\":\"Rhinoplastie ultrasonique \u00e0 Marseille : congr\u00e8s SFSCMFCO\"}]},{\"@type\":\"Article\",\"@id\":\"https:\/\/excellence-esthetique.fr\/fr\/rhinoplastie-ultrasonique-marseille.html#article\",\"isPartOf\":{\"@id\":\"https:\/\/excellence-esthetique.fr\/fr\/rhinoplastie-ultrasonique-marseille.html#webpage\"},\"author\":{\"@id\":\"https:\/\/excellence-esthetique.fr\/fr\/#\/schema\/person\/18e47300fb6bb54eaa76163c6c3d5f86\"},\"headline\":\"Rhinoplastie ultrasonique \u00e0 Marseille : congr\u00e8s SFSCMFCO\",\"datePublished\":\"2017-10-09T23:00:45+00:00\",\"dateModified\":\"2022-11-16T02:30:59+00:00\",\"mainEntityOfPage\":{\"@id\":\"https:\/\/excellence-esthetique.fr\/fr\/rhinoplastie-ultrasonique-marseille.html#webpage\"},\"wordCount\":445,\"commentCount\":0,\"publisher\":{\"@id\":\"https:\/\/excellence-esthetique.fr\/fr\/#organization\"},\"image\":{\"@id\":\"https:\/\/excellence-esthetique.fr\/fr\/rhinoplastie-ultrasonique-marseille.html#primaryimage\"},\"thumbnailUrl\":\"https:\/\/excellence-esthetique.fr\/wp-content\/uploads\/rhinoplastie-ultrasonique-marseille-e1659122310408.jpg\",\"articleSection\":[\"Actualit\u00e9s\"],\"inLanguage\":\"fr-FR\",\"potentialAction\":[{\"@type\":\"CommentAction\",\"name\":\"Comment\",\"target\":[\"https:\/\/excellence-esthetique.fr\/fr\/rhinoplastie-ultrasonique-marseille.html#respond\"]}]},{\"@type\":\"Person\",\"@id\":\"https:\/\/excellence-esthetique.fr\/fr\/#\/schema\/person\/18e47300fb6bb54eaa76163c6c3d5f86\",\"name\":\"Dr Olivier Gerbault\",\"sameAs\":[\"https:\/\/excellence-esthetique.fr\/fr\/dr-gerbault\/\",\"https:\/\/www.facebook.com\/Dr.Gerbault\/\",\"https:\/\/www.instagram.com\/dr_gerbault_rhinoplastie_paris\/\",\"https:\/\/www.linkedin.com\/in\/oliviergerbault\/\",\"https:\/\/twitter.com\/Dr_Gerbault\",\"https:\/\/www.youtube.com\/channel\/UCEe5FdN1eZE5T2E_8ndZjfw\"]},{\"@type\":\"PostalAddress\",\"@id\":\"https:\/\/excellence-esthetique.fr\/fr\/rhinoplastie-ultrasonique-marseille.html#local-main-place-address\",\"streetAddress\":\"138 avenue Victor Hugo\",\"addressLocality\":\"Paris\",\"postalCode\":\"75116\",\"addressCountry\":\"FR\"},{\"@type\":\"ImageObject\",\"@id\":\"https:\/\/excellence-esthetique.fr\/fr\/rhinoplastie-ultrasonique-marseille.html#local-main-organization-logo\",\"inLanguage\":\"fr-FR\",\"url\":\"https:\/\/excellence-esthetique.fr\/wp-content\/uploads\/logo.jpg\",\"contentUrl\":\"https:\/\/excellence-esthetique.fr\/wp-content\/uploads\/logo.jpg\",\"width\":600,\"height\":334,\"caption\":\"Chirurgien rhinoplastie Paris : Dr Gerbault\"}]}<\/script>\n<meta name=\"geo.placename\" content=\"Paris\" \/>\n<meta name=\"geo.position\" content=\"48.86772289599891;2.2794640614090103\" \/>\n<meta name=\"geo.region\" content=\"France\" \/>\n<!-- \/ Yoast SEO plugin. -->","yoast_head_json":{"title":"Rhinoplastie ultrasonique \u00e0 Marseille","robots":{"index":"index","follow":"follow","max-snippet":"max-snippet:-1","max-image-preview":"max-image-preview:large","max-video-preview":"max-video-preview:-1"},"canonical":"https:\/\/excellence-esthetique.fr\/fr\/rhinoplastie-ultrasonique-marseille.html","og_locale":"fr_FR","og_type":"article","og_title":"Rhinoplastie ultrasonique \u00e0 Marseille","og_description":"Congr\u00e8s de la Soci\u00e9t\u00e9 Fran\u00e7aise de Stomatologie, Chirurgie Maxillo Faciale et Chirurgie Orale Le Docteur Olivier Gerbault a \u00e9t\u00e9 l'un des invit\u00e9s d\u2019honneur du 53\u1d49 congr\u00e8s de la Soci\u00e9t\u00e9 Fran\u00e7aise de Stomatologie, Chirurgie Maxillo Faciale et Chirurgie Orale (SFSCMFCO) qui s'est tenu \u00e0 Marseille du 4 au 7 octobre 2017. Il a donn\u00e9 une conf\u00e9rence...","og_url":"https:\/\/excellence-esthetique.fr\/fr\/rhinoplastie-ultrasonique-marseille.html","og_site_name":"Chirurgien rhinoplastie Paris : Dr Gerbault","article_publisher":"https:\/\/www.facebook.com\/Dr.Gerbault\/","article_author":"https:\/\/www.facebook.com\/Dr.Gerbault\/","article_published_time":"2017-10-09T23:00:45+00:00","article_modified_time":"2022-11-16T02:30:59+00:00","og_image":[{"width":433,"height":400,"url":"https:\/\/excellence-esthetique.fr\/wp-content\/uploads\/rhinoplastie-ultrasonique-marseille-e1659122310408.jpg","type":"image\/jpeg"}],"twitter_card":"summary_large_image","twitter_creator":"@Dr_Gerbault","twitter_site":"@Dr_Gerbault","twitter_misc":{"\u00c9crit par":"Dr Olivier Gerbault","Dur\u00e9e de lecture estim\u00e9e":"2 minutes"},"schema":{"@context":"https:\/\/schema.org","@graph":[{"@type":["Organization","Place","PlasticSurgery"],"@id":"https:\/\/excellence-esthetique.fr\/fr\/#organization","name":"Chirurgien rhinoplastie Paris : Dr Gerbault","url":"https:\/\/excellence-esthetique.fr\/fr\/","sameAs":["https:\/\/www.facebook.com\/Dr.Gerbault\/","https:\/\/www.instagram.com\/dr_gerbault_rhinoplastie_paris\/","https:\/\/www.linkedin.com\/in\/oliviergerbault\/","https:\/\/www.youtube.com\/GERBOLIVIER","https:\/\/twitter.com\/Dr_Gerbault"],"logo":{"@id":"https:\/\/excellence-esthetique.fr\/fr\/rhinoplastie-ultrasonique-marseille.html#local-main-organization-logo"},"image":{"@id":"https:\/\/excellence-esthetique.fr\/fr\/rhinoplastie-ultrasonique-marseille.html#local-main-organization-logo"},"address":{"@id":"https:\/\/excellence-esthetique.fr\/fr\/rhinoplastie-ultrasonique-marseille.html#local-main-place-address"},"geo":{"@type":"GeoCoordinates","latitude":"48.86772289599891","longitude":"2.2794640614090103"},"telephone":["+33153663030","+33153663030"],"openingHoursSpecification":{"@type":"OpeningHoursSpecification","dayOfWeek":["Monday","Tuesday","Wednesday","Thursday","Friday","Saturday","Sunday"],"opens":"00:00","closes":"23:59"},"areaServed":"France","vatID":"FR54488777194","taxID":"FR54488777194","priceRange":"$$$$"},{"@type":"WebSite","@id":"https:\/\/excellence-esthetique.fr\/fr\/#website","url":"https:\/\/excellence-esthetique.fr\/fr\/","name":"Chirurgien rhinoplastie Paris : Dr Gerbault","description":"","publisher":{"@id":"https:\/\/excellence-esthetique.fr\/fr\/#organization"},"potentialAction":[{"@type":"SearchAction","target":{"@type":"EntryPoint","urlTemplate":"https:\/\/excellence-esthetique.fr\/fr\/?s={search_term_string}"},"query-input":"required name=search_term_string"}],"inLanguage":"fr-FR"},{"@type":"ImageObject","@id":"https:\/\/excellence-esthetique.fr\/fr\/rhinoplastie-ultrasonique-marseille.html#primaryimage","inLanguage":"fr-FR","url":"https:\/\/excellence-esthetique.fr\/wp-content\/uploads\/rhinoplastie-ultrasonique-marseille-e1659122310408.jpg","contentUrl":"https:\/\/excellence-esthetique.fr\/wp-content\/uploads\/rhinoplastie-ultrasonique-marseille-e1659122310408.jpg","width":433,"height":400,"caption":"Rhinoplastie ultrasonique \u00e0 Marseille"},{"@type":["WebPage","MedicalWebPage"],"@id":"https:\/\/excellence-esthetique.fr\/fr\/rhinoplastie-ultrasonique-marseille.html#webpage","url":"https:\/\/excellence-esthetique.fr\/fr\/rhinoplastie-ultrasonique-marseille.html","name":"Rhinoplastie ultrasonique \u00e0 Marseille","isPartOf":{"@id":"https:\/\/excellence-esthetique.fr\/fr\/#website"},"primaryImageOfPage":{"@id":"https:\/\/excellence-esthetique.fr\/fr\/rhinoplastie-ultrasonique-marseille.html#primaryimage"},"datePublished":"2017-10-09T23:00:45+00:00","dateModified":"2022-11-16T02:30:59+00:00","breadcrumb":{"@id":"https:\/\/excellence-esthetique.fr\/fr\/rhinoplastie-ultrasonique-marseille.html#breadcrumb"},"inLanguage":"fr-FR","potentialAction":[{"@type":"ReadAction","target":["https:\/\/excellence-esthetique.fr\/fr\/rhinoplastie-ultrasonique-marseille.html"]}]},{"@type":"BreadcrumbList","@id":"https:\/\/excellence-esthetique.fr\/fr\/rhinoplastie-ultrasonique-marseille.html#breadcrumb","itemListElement":[{"@type":"ListItem","position":1,"name":"Chirurgie esth\u00e9tique Paris","item":"https:\/\/excellence-esthetique.fr\/fr"},{"@type":"ListItem","position":2,"name":"Actualit\u00e9s","item":"https:\/\/excellence-esthetique.fr\/fr\/blog\/"},{"@type":"ListItem","position":3,"name":"Rhinoplastie ultrasonique \u00e0 Marseille : congr\u00e8s SFSCMFCO"}]},{"@type":"Article","@id":"https:\/\/excellence-esthetique.fr\/fr\/rhinoplastie-ultrasonique-marseille.html#article","isPartOf":{"@id":"https:\/\/excellence-esthetique.fr\/fr\/rhinoplastie-ultrasonique-marseille.html#webpage"},"author":{"@id":"https:\/\/excellence-esthetique.fr\/fr\/#\/schema\/person\/18e47300fb6bb54eaa76163c6c3d5f86"},"headline":"Rhinoplastie ultrasonique \u00e0 Marseille : congr\u00e8s SFSCMFCO","datePublished":"2017-10-09T23:00:45+00:00","dateModified":"2022-11-16T02:30:59+00:00","mainEntityOfPage":{"@id":"https:\/\/excellence-esthetique.fr\/fr\/rhinoplastie-ultrasonique-marseille.html#webpage"},"wordCount":445,"commentCount":0,"publisher":{"@id":"https:\/\/excellence-esthetique.fr\/fr\/#organization"},"image":{"@id":"https:\/\/excellence-esthetique.fr\/fr\/rhinoplastie-ultrasonique-marseille.html#primaryimage"},"thumbnailUrl":"https:\/\/excellence-esthetique.fr\/wp-content\/uploads\/rhinoplastie-ultrasonique-marseille-e1659122310408.jpg","articleSection":["Actualit\u00e9s"],"inLanguage":"fr-FR","potentialAction":[{"@type":"CommentAction","name":"Comment","target":["https:\/\/excellence-esthetique.fr\/fr\/rhinoplastie-ultrasonique-marseille.html#respond"]}]},{"@type":"Person","@id":"https:\/\/excellence-esthetique.fr\/fr\/#\/schema\/person\/18e47300fb6bb54eaa76163c6c3d5f86","name":"Dr Olivier Gerbault","sameAs":["https:\/\/excellence-esthetique.fr\/fr\/dr-gerbault\/","https:\/\/www.facebook.com\/Dr.Gerbault\/","https:\/\/www.instagram.com\/dr_gerbault_rhinoplastie_paris\/","https:\/\/www.linkedin.com\/in\/oliviergerbault\/","https:\/\/twitter.com\/Dr_Gerbault","https:\/\/www.youtube.com\/channel\/UCEe5FdN1eZE5T2E_8ndZjfw"]},{"@type":"PostalAddress","@id":"https:\/\/excellence-esthetique.fr\/fr\/rhinoplastie-ultrasonique-marseille.html#local-main-place-address","streetAddress":"138 avenue Victor Hugo","addressLocality":"Paris","postalCode":"75116","addressCountry":"FR"},{"@type":"ImageObject","@id":"https:\/\/excellence-esthetique.fr\/fr\/rhinoplastie-ultrasonique-marseille.html#local-main-organization-logo","inLanguage":"fr-FR","url":"https:\/\/excellence-esthetique.fr\/wp-content\/uploads\/logo.jpg","contentUrl":"https:\/\/excellence-esthetique.fr\/wp-content\/uploads\/logo.jpg","width":600,"height":334,"caption":"Chirurgien rhinoplastie Paris : Dr Gerbault"}]},"geo.placename":"Paris","geo.position":{"lat":"48.86772289599891","long":"2.2794640614090103"},"geo.region":"France"},"_links":{"self":[{"href":"https:\/\/excellence-esthetique.fr\/fr\/wp-json\/wp\/v2\/posts\/23399"}],"collection":[{"href":"https:\/\/excellence-esthetique.fr\/fr\/wp-json\/wp\/v2\/posts"}],"about":[{"href":"https:\/\/excellence-esthetique.fr\/fr\/wp-json\/wp\/v2\/types\/post"}],"author":[{"embeddable":true,"href":"https:\/\/excellence-esthetique.fr\/fr\/wp-json\/wp\/v2\/users\/5"}],"replies":[{"embeddable":true,"href":"https:\/\/excellence-esthetique.fr\/fr\/wp-json\/wp\/v2\/comments?post=23399"}],"version-history":[{"count":6,"href":"https:\/\/excellence-esthetique.fr\/fr\/wp-json\/wp\/v2\/posts\/23399\/revisions"}],"predecessor-version":[{"id":24007,"href":"https:\/\/excellence-esthetique.fr\/fr\/wp-json\/wp\/v2\/posts\/23399\/revisions\/24007"}],"wp:featuredmedia":[{"embeddable":true,"href":"https:\/\/excellence-esthetique.fr\/fr\/wp-json\/wp\/v2\/media\/23405"}],"wp:attachment":[{"href":"https:\/\/excellence-esthetique.fr\/fr\/wp-json\/wp\/v2\/media?parent=23399"}],"wp:term":[{"taxonomy":"category","embeddable":true,"href":"https:\/\/excellence-esthetique.fr\/fr\/wp-json\/wp\/v2\/categories?post=23399"},{"taxonomy":"post_tag","embeddable":true,"href":"https:\/\/excellence-esthetique.fr\/fr\/wp-json\/wp\/v2\/tags?post=23399"}],"curies":[{"name":"wp","href":"https:\/\/api.w.org\/{rel}","templated":true}]}}