{"id":23980,"date":"2022-11-15T16:25:34","date_gmt":"2022-11-15T15:25:34","guid":{"rendered":"https:\/\/excellence-esthetique.fr\/?p=23980"},"modified":"2022-11-15T16:49:31","modified_gmt":"2022-11-15T15:49:31","slug":"rhinoplastie-et-septoplastie-ultrasonique-en-preservation-et-reconstruction-structurelle-du-dorsum","status":"publish","type":"post","link":"https:\/\/excellence-esthetique.fr\/fr\/rhinoplastie-et-septoplastie-ultrasonique-en-preservation-et-reconstruction-structurelle-du-dorsum.html","title":{"rendered":"Rhinoplastie et septoplastie ultrasonique en pr\u00e9servation et reconstruction structurelle du dorsum"},"content":{"rendered":"<p>En avant-premi\u00e8re, un extrait de l\u2019article sur la rhinoplastie et la septoplastie ultrasonique en pr\u00e9servation du dorsum et en reconstruction structurelle du dorsum qui va \u00eatre publi\u00e9 d\u00e9but 2023 dans le <a href=\"https:\/\/doi.org\/10.1016\/j.fsc.2022.09.002\" target=\"_blank\" rel=\"nofollow noopener\">Volume 31 de la revue Facial Plastic Surgery Clinics<\/a>.<\/p>\n<figure id=\"attachment_23985\" aria-describedby=\"caption-attachment-23985\" style=\"width: 1700px\" class=\"wp-caption aligncenter\"><img loading=\"lazy\" class=\"wp-image-23985 size-full\" src=\"https:\/\/excellence-esthetique.fr\/wp-content\/uploads\/1-s2.0-S1064740622000839-main-1-scaled.jpg\" alt=\"Rhinoplastie et septoplastie ultrasonique en pr\u00e9servation et reconstruction structurelle du dorsum\" width=\"1700\" height=\"2560\" srcset=\"https:\/\/excellence-esthetique.fr\/wp-content\/uploads\/1-s2.0-S1064740622000839-main-1-scaled.jpg 1700w, https:\/\/excellence-esthetique.fr\/wp-content\/uploads\/1-s2.0-S1064740622000839-main-1-232x350.jpg 232w, https:\/\/excellence-esthetique.fr\/wp-content\/uploads\/1-s2.0-S1064740622000839-main-1-680x1024.jpg 680w, https:\/\/excellence-esthetique.fr\/wp-content\/uploads\/1-s2.0-S1064740622000839-main-1-345x520.jpg 345w, https:\/\/excellence-esthetique.fr\/wp-content\/uploads\/1-s2.0-S1064740622000839-main-1-1020x1536.jpg 1020w, https:\/\/excellence-esthetique.fr\/wp-content\/uploads\/1-s2.0-S1064740622000839-main-1-1360x2048.jpg 1360w\" sizes=\"(max-width: 1700px) 100vw, 1700px\"><figcaption id=\"caption-attachment-23985\" class=\"wp-caption-text\">Rhinoplastie et septoplastie ultrasonique en pr\u00e9servation et reconstruction structurelle du dorsum<\/figcaption><\/figure>\n<p>Cet article d\u00e9crit les diff\u00e9rents instruments pi\u00e9zo\u00e9lectriques courts et longs n\u00e9cessaires \u00e0 la rhinoplastie et septoplastie ultrasonique pour toutes les proc\u00e9dures de pr\u00e9servation du dorsum et pour l\u2019approche structurelle du dorsum en voie ouverte ou ferm\u00e9e. Il d\u00e9crit ensuite les diff\u00e9rentes techniques de pr\u00e9servation et les techniques de remodelage structurel du dorsum avec ces instruments.<\/p>\n<p>Le Dr Gerbault a d\u00e9velopp\u00e9 ces inserts pour la <a href=\"https:\/\/excellence-esthetique.fr\/fr\/rhinoplastie-ultrasonique\/\">rhinoplastie ultrasonique<\/a> ouverte depuis 2013, puis les inserts longs pour la rhinoplastie ultrasonique ferm\u00e9e et la septoplastie ultrasonique depuis 2016. C\u2019est \u00e0 l\u2019occasion du d\u00e9veloppement de ces inserts longs que le Dr Gerbault a organis\u00e9, avec l\u2019aide du Dr Peter Palhazi, une s\u00e9ance d\u2019\u00e9tude de 2 jours \u00e0 Budapest en juillet 2016 avec les Drs Yves Saban et Baris Cakir.<\/p>\n<p>La d\u00e9couverte \u00e0 cette occasion de la technique de pr\u00e9servation du Dorsum par Push Down par le Dr Baris Cakir a \u00e9t\u00e9 le point de d\u00e9part \u00e0 son int\u00e9gration des techniques de pr\u00e9servation du dorsum en rhinoplastie. Dr Yves Saban et Dr Baris Cakir avec l\u2019aide des Drs Peter Palhazi, Rollin Daniel, puis Abdulkadir G\u00f6ksel, Milos Kovacevic, Charles East, Carlos Neves, puis un peu apr\u00e8s des Drs Valerio Finocchi, Aaron Kosins, et enfin Dean Toriumi, Sam Most et d\u2019autres chirurgiens ont \u00e9t\u00e9 les moteurs de la diffusion et de la popularisation des techniques de rhinoplastie de pr\u00e9servation.<\/p>\n<p>Plusieurs chirurgiens d\u2019Am\u00e9rique du Sud et Centrale ont \u00e9t\u00e9 \u00e9galement des pionniers en pr\u00e9servation du dorsum. Tous doivent \u00eatre remerci\u00e9s pour leur contribution \u00e0 l\u2019avancement de la <a href=\"https:\/\/excellence-esthetique.fr\/fr\/rhinoplastie\/\">rhinoplastie<\/a>.<\/p>\n<hr>\n<p style=\"text-align: center;\"><em>Derni\u00e8re modification :\u00a0<time datetime=\"2022-11-15\">15 novembre 2022<\/time><\/em><\/p>\n\n<div class=\"kk-star-ratings\n     kksr-valign-bottom     kksr-align-center    \"\n    data-payload=\"{&quot;align&quot;:&quot;center&quot;,&quot;id&quot;:&quot;23980&quot;,&quot;slug&quot;:&quot;default&quot;,&quot;valign&quot;:&quot;bottom&quot;,&quot;reference&quot;:&quot;auto&quot;,&quot;count&quot;:&quot;41&quot;,&quot;readonly&quot;:&quot;&quot;,&quot;score&quot;:&quot;5&quot;,&quot;best&quot;:&quot;5&quot;,&quot;gap&quot;:&quot;4&quot;,&quot;greet&quot;:&quot;Noter cette page&quot;,&quot;legend&quot;:&quot;5\\\/5 - (41 votes)&quot;,&quot;size&quot;:&quot;14&quot;,&quot;width&quot;:&quot;88&quot;,&quot;_legend&quot;:&quot;{score}\\\/{best} - ({count} {votes})&quot;}\">\n    \n<div class=\"kksr-stars\">\n    \n<div class=\"kksr-stars-inactive\">\n            <div class=\"kksr-star\" data-star=\"1\" style=\"padding-right: 4px\">\n            \n\n<div class=\"kksr-icon\" style=\"width: 14px; height: 14px;\"><\/div>\n        <\/div>\n            <div class=\"kksr-star\" data-star=\"2\" style=\"padding-right: 4px\">\n            \n\n<div class=\"kksr-icon\" style=\"width: 14px; height: 14px;\"><\/div>\n        <\/div>\n            <div class=\"kksr-star\" data-star=\"3\" style=\"padding-right: 4px\">\n            \n\n<div class=\"kksr-icon\" style=\"width: 14px; height: 14px;\"><\/div>\n        <\/div>\n            <div class=\"kksr-star\" data-star=\"4\" style=\"padding-right: 4px\">\n            \n\n<div class=\"kksr-icon\" style=\"width: 14px; height: 14px;\"><\/div>\n        <\/div>\n            <div class=\"kksr-star\" data-star=\"5\" style=\"padding-right: 4px\">\n            \n\n<div class=\"kksr-icon\" style=\"width: 14px; height: 14px;\"><\/div>\n        <\/div>\n    <\/div>\n    \n<div class=\"kksr-stars-active\" style=\"width: 88px;\">\n            <div class=\"kksr-star\" style=\"padding-right: 4px\">\n            \n\n<div class=\"kksr-icon\" style=\"width: 14px; height: 14px;\"><\/div>\n        <\/div>\n            <div class=\"kksr-star\" style=\"padding-right: 4px\">\n            \n\n<div class=\"kksr-icon\" style=\"width: 14px; height: 14px;\"><\/div>\n        <\/div>\n            <div class=\"kksr-star\" style=\"padding-right: 4px\">\n            \n\n<div class=\"kksr-icon\" style=\"width: 14px; height: 14px;\"><\/div>\n        <\/div>\n            <div class=\"kksr-star\" style=\"padding-right: 4px\">\n            \n\n<div class=\"kksr-icon\" style=\"width: 14px; height: 14px;\"><\/div>\n        <\/div>\n            <div class=\"kksr-star\" style=\"padding-right: 4px\">\n            \n\n<div class=\"kksr-icon\" style=\"width: 14px; height: 14px;\"><\/div>\n        <\/div>\n    <\/div>\n<\/div>\n    \n<div class=\"kksr-legend\">\n            5\/5 - (41 votes)    <\/div>\n<\/div>\n\n\n","protected":false},"excerpt":{"rendered":"<p>En avant-premi\u00e8re, un extrait de l\u2019article sur la rhinoplastie et la septoplastie ultrasonique en pr\u00e9servation du dorsum et en reconstruction structurelle du dorsum qui va \u00eatre publi\u00e9 d\u00e9but 2023 dans le Volume 31 de la revue Facial Plastic Surgery Clinics. Cet article d\u00e9crit les diff\u00e9rents instruments pi\u00e9zo\u00e9lectriques courts et longs n\u00e9cessaires \u00e0 la rhinoplastie et&#8230;<\/p>\n","protected":false},"author":5,"featured_media":23988,"comment_status":"open","ping_status":"closed","sticky":false,"template":"","format":"standard","meta":[],"categories":[172],"tags":[],"acf":[],"yoast_head":"<!-- This site is optimized with the Yoast SEO plugin v18.3 - https:\/\/yoast.com\/wordpress\/plugins\/seo\/ -->\n<title>Rhinoplastie et septoplastie ultrasonique en pr\u00e9servation et reconstruction structurelle du dorsum<\/title>\n<meta name=\"robots\" content=\"index, follow, max-snippet:-1, max-image-preview:large, max-video-preview:-1\" \/>\n<link rel=\"canonical\" href=\"https:\/\/excellence-esthetique.fr\/fr\/rhinoplastie-et-septoplastie-ultrasonique-en-preservation-et-reconstruction-structurelle-du-dorsum.html\" \/>\n<meta property=\"og:locale\" content=\"fr_FR\" \/>\n<meta property=\"og:type\" content=\"article\" \/>\n<meta property=\"og:title\" content=\"Rhinoplastie et septoplastie ultrasonique en pr\u00e9servation et reconstruction structurelle du dorsum\" \/>\n<meta property=\"og:description\" content=\"En avant-premi\u00e8re, un extrait de l\u2019article sur la rhinoplastie et la septoplastie ultrasonique en pr\u00e9servation du dorsum et en reconstruction structurelle du dorsum qui va \u00eatre publi\u00e9 d\u00e9but 2023 dans le Volume 31 de la revue Facial Plastic Surgery Clinics. Cet article d\u00e9crit les diff\u00e9rents instruments pi\u00e9zo\u00e9lectriques courts et longs n\u00e9cessaires \u00e0 la rhinoplastie et...\" \/>\n<meta property=\"og:url\" content=\"https:\/\/excellence-esthetique.fr\/fr\/rhinoplastie-et-septoplastie-ultrasonique-en-preservation-et-reconstruction-structurelle-du-dorsum.html\" \/>\n<meta property=\"og:site_name\" content=\"Chirurgien rhinoplastie Paris : Dr Gerbault\" \/>\n<meta property=\"article:publisher\" content=\"https:\/\/www.facebook.com\/Dr.Gerbault\/\" \/>\n<meta property=\"article:author\" content=\"https:\/\/www.facebook.com\/Dr.Gerbault\/\" \/>\n<meta property=\"article:published_time\" content=\"2022-11-15T15:25:34+00:00\" \/>\n<meta property=\"article:modified_time\" content=\"2022-11-15T15:49:31+00:00\" \/>\n<meta property=\"og:image\" content=\"https:\/\/excellence-esthetique.fr\/wp-content\/uploads\/Rhinoplastie-et-septoplastie-ultrasonique-en-preservation-et-reconstruction-structurelle-du-dorsum.jpg\" \/>\n\t<meta property=\"og:image:width\" content=\"2550\" \/>\n\t<meta property=\"og:image:height\" content=\"1700\" \/>\n\t<meta property=\"og:image:type\" content=\"image\/jpeg\" \/>\n<meta name=\"twitter:card\" content=\"summary_large_image\" \/>\n<meta name=\"twitter:creator\" content=\"@Dr_Gerbault\" \/>\n<meta name=\"twitter:site\" content=\"@Dr_Gerbault\" \/>\n<meta name=\"twitter:label1\" content=\"\u00c9crit par\" \/>\n\t<meta name=\"twitter:data1\" content=\"Dr Olivier Gerbault\" \/>\n\t<meta name=\"twitter:label2\" content=\"Dur\u00e9e de lecture estim\u00e9e\" \/>\n\t<meta name=\"twitter:data2\" content=\"2 minutes\" \/>\n<script type=\"application\/ld+json\" class=\"yoast-schema-graph\">{\"@context\":\"https:\/\/schema.org\",\"@graph\":[{\"@type\":[\"Organization\",\"Place\",\"PlasticSurgery\"],\"@id\":\"https:\/\/excellence-esthetique.fr\/fr\/#organization\",\"name\":\"Chirurgien rhinoplastie Paris : Dr Gerbault\",\"url\":\"https:\/\/excellence-esthetique.fr\/fr\/\",\"sameAs\":[\"https:\/\/www.facebook.com\/Dr.Gerbault\/\",\"https:\/\/www.instagram.com\/dr_gerbault_rhinoplastie_paris\/\",\"https:\/\/www.linkedin.com\/in\/oliviergerbault\/\",\"https:\/\/www.youtube.com\/GERBOLIVIER\",\"https:\/\/twitter.com\/Dr_Gerbault\"],\"logo\":{\"@id\":\"https:\/\/excellence-esthetique.fr\/fr\/rhinoplastie-et-septoplastie-ultrasonique-en-preservation-et-reconstruction-structurelle-du-dorsum.html#local-main-organization-logo\"},\"image\":{\"@id\":\"https:\/\/excellence-esthetique.fr\/fr\/rhinoplastie-et-septoplastie-ultrasonique-en-preservation-et-reconstruction-structurelle-du-dorsum.html#local-main-organization-logo\"},\"address\":{\"@id\":\"https:\/\/excellence-esthetique.fr\/fr\/rhinoplastie-et-septoplastie-ultrasonique-en-preservation-et-reconstruction-structurelle-du-dorsum.html#local-main-place-address\"},\"geo\":{\"@type\":\"GeoCoordinates\",\"latitude\":\"48.86772289599891\",\"longitude\":\"2.2794640614090103\"},\"telephone\":[\"+33153663030\"],\"openingHoursSpecification\":{\"@type\":\"OpeningHoursSpecification\",\"dayOfWeek\":[\"Monday\",\"Tuesday\",\"Wednesday\",\"Thursday\",\"Friday\",\"Saturday\",\"Sunday\"],\"opens\":\"00:00\",\"closes\":\"23:59\"},\"areaServed\":\"France\",\"vatID\":\"FR54488777194\",\"taxID\":\"FR54488777194\",\"priceRange\":\"$$$$\"},{\"@type\":\"WebSite\",\"@id\":\"https:\/\/excellence-esthetique.fr\/fr\/#website\",\"url\":\"https:\/\/excellence-esthetique.fr\/fr\/\",\"name\":\"Chirurgien rhinoplastie Paris : Dr Gerbault\",\"description\":\"\",\"publisher\":{\"@id\":\"https:\/\/excellence-esthetique.fr\/fr\/#organization\"},\"potentialAction\":[{\"@type\":\"SearchAction\",\"target\":{\"@type\":\"EntryPoint\",\"urlTemplate\":\"https:\/\/excellence-esthetique.fr\/fr\/?s={search_term_string}\"},\"query-input\":\"required name=search_term_string\"}],\"inLanguage\":\"fr-FR\"},{\"@type\":\"ImageObject\",\"@id\":\"https:\/\/excellence-esthetique.fr\/fr\/rhinoplastie-et-septoplastie-ultrasonique-en-preservation-et-reconstruction-structurelle-du-dorsum.html#primaryimage\",\"inLanguage\":\"fr-FR\",\"url\":\"https:\/\/excellence-esthetique.fr\/wp-content\/uploads\/Rhinoplastie-et-septoplastie-ultrasonique-en-preservation-et-reconstruction-structurelle-du-dorsum.jpg\",\"contentUrl\":\"https:\/\/excellence-esthetique.fr\/wp-content\/uploads\/Rhinoplastie-et-septoplastie-ultrasonique-en-preservation-et-reconstruction-structurelle-du-dorsum.jpg\",\"width\":2550,\"height\":1700,\"caption\":\"Rhinoplastie et septoplastie ultrasonique en pr\u00e9servation et reconstruction structurelle du dorsum\"},{\"@type\":[\"WebPage\",\"MedicalWebPage\"],\"@id\":\"https:\/\/excellence-esthetique.fr\/fr\/rhinoplastie-et-septoplastie-ultrasonique-en-preservation-et-reconstruction-structurelle-du-dorsum.html#webpage\",\"url\":\"https:\/\/excellence-esthetique.fr\/fr\/rhinoplastie-et-septoplastie-ultrasonique-en-preservation-et-reconstruction-structurelle-du-dorsum.html\",\"name\":\"Rhinoplastie et septoplastie ultrasonique en pr\u00e9servation et reconstruction structurelle du dorsum\",\"isPartOf\":{\"@id\":\"https:\/\/excellence-esthetique.fr\/fr\/#website\"},\"primaryImageOfPage\":{\"@id\":\"https:\/\/excellence-esthetique.fr\/fr\/rhinoplastie-et-septoplastie-ultrasonique-en-preservation-et-reconstruction-structurelle-du-dorsum.html#primaryimage\"},\"datePublished\":\"2022-11-15T15:25:34+00:00\",\"dateModified\":\"2022-11-15T15:49:31+00:00\",\"breadcrumb\":{\"@id\":\"https:\/\/excellence-esthetique.fr\/fr\/rhinoplastie-et-septoplastie-ultrasonique-en-preservation-et-reconstruction-structurelle-du-dorsum.html#breadcrumb\"},\"inLanguage\":\"fr-FR\",\"potentialAction\":[{\"@type\":\"ReadAction\",\"target\":[\"https:\/\/excellence-esthetique.fr\/fr\/rhinoplastie-et-septoplastie-ultrasonique-en-preservation-et-reconstruction-structurelle-du-dorsum.html\"]}]},{\"@type\":\"BreadcrumbList\",\"@id\":\"https:\/\/excellence-esthetique.fr\/fr\/rhinoplastie-et-septoplastie-ultrasonique-en-preservation-et-reconstruction-structurelle-du-dorsum.html#breadcrumb\",\"itemListElement\":[{\"@type\":\"ListItem\",\"position\":1,\"name\":\"Chirurgie esth\u00e9tique Paris\",\"item\":\"https:\/\/excellence-esthetique.fr\/fr\"},{\"@type\":\"ListItem\",\"position\":2,\"name\":\"Actualit\u00e9s\",\"item\":\"https:\/\/excellence-esthetique.fr\/fr\/blog\/\"},{\"@type\":\"ListItem\",\"position\":3,\"name\":\"Rhinoplastie et septoplastie ultrasonique en pr\u00e9servation et reconstruction structurelle du dorsum\"}]},{\"@type\":\"Article\",\"@id\":\"https:\/\/excellence-esthetique.fr\/fr\/rhinoplastie-et-septoplastie-ultrasonique-en-preservation-et-reconstruction-structurelle-du-dorsum.html#article\",\"isPartOf\":{\"@id\":\"https:\/\/excellence-esthetique.fr\/fr\/rhinoplastie-et-septoplastie-ultrasonique-en-preservation-et-reconstruction-structurelle-du-dorsum.html#webpage\"},\"author\":{\"@id\":\"https:\/\/excellence-esthetique.fr\/fr\/#\/schema\/person\/18e47300fb6bb54eaa76163c6c3d5f86\"},\"headline\":\"Rhinoplastie et septoplastie ultrasonique en pr\u00e9servation et reconstruction structurelle du dorsum\",\"datePublished\":\"2022-11-15T15:25:34+00:00\",\"dateModified\":\"2022-11-15T15:49:31+00:00\",\"mainEntityOfPage\":{\"@id\":\"https:\/\/excellence-esthetique.fr\/fr\/rhinoplastie-et-septoplastie-ultrasonique-en-preservation-et-reconstruction-structurelle-du-dorsum.html#webpage\"},\"wordCount\":351,\"commentCount\":0,\"publisher\":{\"@id\":\"https:\/\/excellence-esthetique.fr\/fr\/#organization\"},\"image\":{\"@id\":\"https:\/\/excellence-esthetique.fr\/fr\/rhinoplastie-et-septoplastie-ultrasonique-en-preservation-et-reconstruction-structurelle-du-dorsum.html#primaryimage\"},\"thumbnailUrl\":\"https:\/\/excellence-esthetique.fr\/wp-content\/uploads\/Rhinoplastie-et-septoplastie-ultrasonique-en-preservation-et-reconstruction-structurelle-du-dorsum.jpg\",\"articleSection\":[\"Actualit\u00e9s\"],\"inLanguage\":\"fr-FR\",\"potentialAction\":[{\"@type\":\"CommentAction\",\"name\":\"Comment\",\"target\":[\"https:\/\/excellence-esthetique.fr\/fr\/rhinoplastie-et-septoplastie-ultrasonique-en-preservation-et-reconstruction-structurelle-du-dorsum.html#respond\"]}]},{\"@type\":\"Person\",\"@id\":\"https:\/\/excellence-esthetique.fr\/fr\/#\/schema\/person\/18e47300fb6bb54eaa76163c6c3d5f86\",\"name\":\"Dr Olivier Gerbault\",\"sameAs\":[\"https:\/\/excellence-esthetique.fr\/fr\/dr-gerbault\/\",\"https:\/\/www.facebook.com\/Dr.Gerbault\/\",\"https:\/\/www.instagram.com\/dr_gerbault_rhinoplastie_paris\/\",\"https:\/\/www.linkedin.com\/in\/oliviergerbault\/\",\"https:\/\/twitter.com\/Dr_Gerbault\",\"https:\/\/www.youtube.com\/channel\/UCEe5FdN1eZE5T2E_8ndZjfw\"]},{\"@type\":\"PostalAddress\",\"@id\":\"https:\/\/excellence-esthetique.fr\/fr\/rhinoplastie-et-septoplastie-ultrasonique-en-preservation-et-reconstruction-structurelle-du-dorsum.html#local-main-place-address\",\"streetAddress\":\"138 avenue Victor Hugo\",\"addressLocality\":\"Paris\",\"postalCode\":\"75116\",\"addressCountry\":\"FR\"},{\"@type\":\"ImageObject\",\"@id\":\"https:\/\/excellence-esthetique.fr\/fr\/rhinoplastie-et-septoplastie-ultrasonique-en-preservation-et-reconstruction-structurelle-du-dorsum.html#local-main-organization-logo\",\"inLanguage\":\"fr-FR\",\"url\":\"https:\/\/excellence-esthetique.fr\/wp-content\/uploads\/logo.jpg\",\"contentUrl\":\"https:\/\/excellence-esthetique.fr\/wp-content\/uploads\/logo.jpg\",\"width\":600,\"height\":334,\"caption\":\"Chirurgien rhinoplastie Paris : Dr Gerbault\"}]}<\/script>\n<meta name=\"geo.placename\" content=\"Paris\" \/>\n<meta name=\"geo.position\" content=\"48.86772289599891;2.2794640614090103\" \/>\n<meta name=\"geo.region\" content=\"France\" \/>\n<!-- \/ Yoast SEO plugin. -->","yoast_head_json":{"title":"Rhinoplastie et septoplastie ultrasonique en pr\u00e9servation et reconstruction structurelle du dorsum","robots":{"index":"index","follow":"follow","max-snippet":"max-snippet:-1","max-image-preview":"max-image-preview:large","max-video-preview":"max-video-preview:-1"},"canonical":"https:\/\/excellence-esthetique.fr\/fr\/rhinoplastie-et-septoplastie-ultrasonique-en-preservation-et-reconstruction-structurelle-du-dorsum.html","og_locale":"fr_FR","og_type":"article","og_title":"Rhinoplastie et septoplastie ultrasonique en pr\u00e9servation et reconstruction structurelle du dorsum","og_description":"En avant-premi\u00e8re, un extrait de l\u2019article sur la rhinoplastie et la septoplastie ultrasonique en pr\u00e9servation du dorsum et en reconstruction structurelle du dorsum qui va \u00eatre publi\u00e9 d\u00e9but 2023 dans le Volume 31 de la revue Facial Plastic Surgery Clinics. Cet article d\u00e9crit les diff\u00e9rents instruments pi\u00e9zo\u00e9lectriques courts et longs n\u00e9cessaires \u00e0 la rhinoplastie et...","og_url":"https:\/\/excellence-esthetique.fr\/fr\/rhinoplastie-et-septoplastie-ultrasonique-en-preservation-et-reconstruction-structurelle-du-dorsum.html","og_site_name":"Chirurgien rhinoplastie Paris : Dr Gerbault","article_publisher":"https:\/\/www.facebook.com\/Dr.Gerbault\/","article_author":"https:\/\/www.facebook.com\/Dr.Gerbault\/","article_published_time":"2022-11-15T15:25:34+00:00","article_modified_time":"2022-11-15T15:49:31+00:00","og_image":[{"width":2550,"height":1700,"url":"https:\/\/excellence-esthetique.fr\/wp-content\/uploads\/Rhinoplastie-et-septoplastie-ultrasonique-en-preservation-et-reconstruction-structurelle-du-dorsum.jpg","type":"image\/jpeg"}],"twitter_card":"summary_large_image","twitter_creator":"@Dr_Gerbault","twitter_site":"@Dr_Gerbault","twitter_misc":{"\u00c9crit par":"Dr Olivier Gerbault","Dur\u00e9e de lecture estim\u00e9e":"2 minutes"},"schema":{"@context":"https:\/\/schema.org","@graph":[{"@type":["Organization","Place","PlasticSurgery"],"@id":"https:\/\/excellence-esthetique.fr\/fr\/#organization","name":"Chirurgien rhinoplastie Paris : Dr Gerbault","url":"https:\/\/excellence-esthetique.fr\/fr\/","sameAs":["https:\/\/www.facebook.com\/Dr.Gerbault\/","https:\/\/www.instagram.com\/dr_gerbault_rhinoplastie_paris\/","https:\/\/www.linkedin.com\/in\/oliviergerbault\/","https:\/\/www.youtube.com\/GERBOLIVIER","https:\/\/twitter.com\/Dr_Gerbault"],"logo":{"@id":"https:\/\/excellence-esthetique.fr\/fr\/rhinoplastie-et-septoplastie-ultrasonique-en-preservation-et-reconstruction-structurelle-du-dorsum.html#local-main-organization-logo"},"image":{"@id":"https:\/\/excellence-esthetique.fr\/fr\/rhinoplastie-et-septoplastie-ultrasonique-en-preservation-et-reconstruction-structurelle-du-dorsum.html#local-main-organization-logo"},"address":{"@id":"https:\/\/excellence-esthetique.fr\/fr\/rhinoplastie-et-septoplastie-ultrasonique-en-preservation-et-reconstruction-structurelle-du-dorsum.html#local-main-place-address"},"geo":{"@type":"GeoCoordinates","latitude":"48.86772289599891","longitude":"2.2794640614090103"},"telephone":["+33153663030","+33153663030"],"openingHoursSpecification":{"@type":"OpeningHoursSpecification","dayOfWeek":["Monday","Tuesday","Wednesday","Thursday","Friday","Saturday","Sunday"],"opens":"00:00","closes":"23:59"},"areaServed":"France","vatID":"FR54488777194","taxID":"FR54488777194","priceRange":"$$$$"},{"@type":"WebSite","@id":"https:\/\/excellence-esthetique.fr\/fr\/#website","url":"https:\/\/excellence-esthetique.fr\/fr\/","name":"Chirurgien rhinoplastie Paris : Dr Gerbault","description":"","publisher":{"@id":"https:\/\/excellence-esthetique.fr\/fr\/#organization"},"potentialAction":[{"@type":"SearchAction","target":{"@type":"EntryPoint","urlTemplate":"https:\/\/excellence-esthetique.fr\/fr\/?s={search_term_string}"},"query-input":"required name=search_term_string"}],"inLanguage":"fr-FR"},{"@type":"ImageObject","@id":"https:\/\/excellence-esthetique.fr\/fr\/rhinoplastie-et-septoplastie-ultrasonique-en-preservation-et-reconstruction-structurelle-du-dorsum.html#primaryimage","inLanguage":"fr-FR","url":"https:\/\/excellence-esthetique.fr\/wp-content\/uploads\/Rhinoplastie-et-septoplastie-ultrasonique-en-preservation-et-reconstruction-structurelle-du-dorsum.jpg","contentUrl":"https:\/\/excellence-esthetique.fr\/wp-content\/uploads\/Rhinoplastie-et-septoplastie-ultrasonique-en-preservation-et-reconstruction-structurelle-du-dorsum.jpg","width":2550,"height":1700,"caption":"Rhinoplastie et septoplastie ultrasonique en pr\u00e9servation et reconstruction structurelle du dorsum"},{"@type":["WebPage","MedicalWebPage"],"@id":"https:\/\/excellence-esthetique.fr\/fr\/rhinoplastie-et-septoplastie-ultrasonique-en-preservation-et-reconstruction-structurelle-du-dorsum.html#webpage","url":"https:\/\/excellence-esthetique.fr\/fr\/rhinoplastie-et-septoplastie-ultrasonique-en-preservation-et-reconstruction-structurelle-du-dorsum.html","name":"Rhinoplastie et septoplastie ultrasonique en pr\u00e9servation et reconstruction structurelle du dorsum","isPartOf":{"@id":"https:\/\/excellence-esthetique.fr\/fr\/#website"},"primaryImageOfPage":{"@id":"https:\/\/excellence-esthetique.fr\/fr\/rhinoplastie-et-septoplastie-ultrasonique-en-preservation-et-reconstruction-structurelle-du-dorsum.html#primaryimage"},"datePublished":"2022-11-15T15:25:34+00:00","dateModified":"2022-11-15T15:49:31+00:00","breadcrumb":{"@id":"https:\/\/excellence-esthetique.fr\/fr\/rhinoplastie-et-septoplastie-ultrasonique-en-preservation-et-reconstruction-structurelle-du-dorsum.html#breadcrumb"},"inLanguage":"fr-FR","potentialAction":[{"@type":"ReadAction","target":["https:\/\/excellence-esthetique.fr\/fr\/rhinoplastie-et-septoplastie-ultrasonique-en-preservation-et-reconstruction-structurelle-du-dorsum.html"]}]},{"@type":"BreadcrumbList","@id":"https:\/\/excellence-esthetique.fr\/fr\/rhinoplastie-et-septoplastie-ultrasonique-en-preservation-et-reconstruction-structurelle-du-dorsum.html#breadcrumb","itemListElement":[{"@type":"ListItem","position":1,"name":"Chirurgie esth\u00e9tique Paris","item":"https:\/\/excellence-esthetique.fr\/fr"},{"@type":"ListItem","position":2,"name":"Actualit\u00e9s","item":"https:\/\/excellence-esthetique.fr\/fr\/blog\/"},{"@type":"ListItem","position":3,"name":"Rhinoplastie et septoplastie ultrasonique en pr\u00e9servation et reconstruction structurelle du dorsum"}]},{"@type":"Article","@id":"https:\/\/excellence-esthetique.fr\/fr\/rhinoplastie-et-septoplastie-ultrasonique-en-preservation-et-reconstruction-structurelle-du-dorsum.html#article","isPartOf":{"@id":"https:\/\/excellence-esthetique.fr\/fr\/rhinoplastie-et-septoplastie-ultrasonique-en-preservation-et-reconstruction-structurelle-du-dorsum.html#webpage"},"author":{"@id":"https:\/\/excellence-esthetique.fr\/fr\/#\/schema\/person\/18e47300fb6bb54eaa76163c6c3d5f86"},"headline":"Rhinoplastie et septoplastie ultrasonique en pr\u00e9servation et reconstruction structurelle du dorsum","datePublished":"2022-11-15T15:25:34+00:00","dateModified":"2022-11-15T15:49:31+00:00","mainEntityOfPage":{"@id":"https:\/\/excellence-esthetique.fr\/fr\/rhinoplastie-et-septoplastie-ultrasonique-en-preservation-et-reconstruction-structurelle-du-dorsum.html#webpage"},"wordCount":351,"commentCount":0,"publisher":{"@id":"https:\/\/excellence-esthetique.fr\/fr\/#organization"},"image":{"@id":"https:\/\/excellence-esthetique.fr\/fr\/rhinoplastie-et-septoplastie-ultrasonique-en-preservation-et-reconstruction-structurelle-du-dorsum.html#primaryimage"},"thumbnailUrl":"https:\/\/excellence-esthetique.fr\/wp-content\/uploads\/Rhinoplastie-et-septoplastie-ultrasonique-en-preservation-et-reconstruction-structurelle-du-dorsum.jpg","articleSection":["Actualit\u00e9s"],"inLanguage":"fr-FR","potentialAction":[{"@type":"CommentAction","name":"Comment","target":["https:\/\/excellence-esthetique.fr\/fr\/rhinoplastie-et-septoplastie-ultrasonique-en-preservation-et-reconstruction-structurelle-du-dorsum.html#respond"]}]},{"@type":"Person","@id":"https:\/\/excellence-esthetique.fr\/fr\/#\/schema\/person\/18e47300fb6bb54eaa76163c6c3d5f86","name":"Dr Olivier Gerbault","sameAs":["https:\/\/excellence-esthetique.fr\/fr\/dr-gerbault\/","https:\/\/www.facebook.com\/Dr.Gerbault\/","https:\/\/www.instagram.com\/dr_gerbault_rhinoplastie_paris\/","https:\/\/www.linkedin.com\/in\/oliviergerbault\/","https:\/\/twitter.com\/Dr_Gerbault","https:\/\/www.youtube.com\/channel\/UCEe5FdN1eZE5T2E_8ndZjfw"]},{"@type":"PostalAddress","@id":"https:\/\/excellence-esthetique.fr\/fr\/rhinoplastie-et-septoplastie-ultrasonique-en-preservation-et-reconstruction-structurelle-du-dorsum.html#local-main-place-address","streetAddress":"138 avenue Victor Hugo","addressLocality":"Paris","postalCode":"75116","addressCountry":"FR"},{"@type":"ImageObject","@id":"https:\/\/excellence-esthetique.fr\/fr\/rhinoplastie-et-septoplastie-ultrasonique-en-preservation-et-reconstruction-structurelle-du-dorsum.html#local-main-organization-logo","inLanguage":"fr-FR","url":"https:\/\/excellence-esthetique.fr\/wp-content\/uploads\/logo.jpg","contentUrl":"https:\/\/excellence-esthetique.fr\/wp-content\/uploads\/logo.jpg","width":600,"height":334,"caption":"Chirurgien rhinoplastie Paris : Dr Gerbault"}]},"geo.placename":"Paris","geo.position":{"lat":"48.86772289599891","long":"2.2794640614090103"},"geo.region":"France"},"_links":{"self":[{"href":"https:\/\/excellence-esthetique.fr\/fr\/wp-json\/wp\/v2\/posts\/23980"}],"collection":[{"href":"https:\/\/excellence-esthetique.fr\/fr\/wp-json\/wp\/v2\/posts"}],"about":[{"href":"https:\/\/excellence-esthetique.fr\/fr\/wp-json\/wp\/v2\/types\/post"}],"author":[{"embeddable":true,"href":"https:\/\/excellence-esthetique.fr\/fr\/wp-json\/wp\/v2\/users\/5"}],"replies":[{"embeddable":true,"href":"https:\/\/excellence-esthetique.fr\/fr\/wp-json\/wp\/v2\/comments?post=23980"}],"version-history":[{"count":4,"href":"https:\/\/excellence-esthetique.fr\/fr\/wp-json\/wp\/v2\/posts\/23980\/revisions"}],"predecessor-version":[{"id":23998,"href":"https:\/\/excellence-esthetique.fr\/fr\/wp-json\/wp\/v2\/posts\/23980\/revisions\/23998"}],"wp:featuredmedia":[{"embeddable":true,"href":"https:\/\/excellence-esthetique.fr\/fr\/wp-json\/wp\/v2\/media\/23988"}],"wp:attachment":[{"href":"https:\/\/excellence-esthetique.fr\/fr\/wp-json\/wp\/v2\/media?parent=23980"}],"wp:term":[{"taxonomy":"category","embeddable":true,"href":"https:\/\/excellence-esthetique.fr\/fr\/wp-json\/wp\/v2\/categories?post=23980"},{"taxonomy":"post_tag","embeddable":true,"href":"https:\/\/excellence-esthetique.fr\/fr\/wp-json\/wp\/v2\/tags?post=23980"}],"curies":[{"name":"wp","href":"https:\/\/api.w.org\/{rel}","templated":true}]}}