{"id":24897,"date":"2023-09-22T15:22:43","date_gmt":"2023-09-22T14:22:43","guid":{"rendered":"https:\/\/excellence-esthetique.fr\/?p=24897"},"modified":"2023-09-27T00:42:44","modified_gmt":"2023-09-26T23:42:44","slug":"le-dr-gerbault-dans-le-magazine-paris-match-du-21-09-2023","status":"publish","type":"post","link":"https:\/\/excellence-esthetique.fr\/fr\/le-dr-gerbault-dans-le-magazine-paris-match-du-21-09-2023.html","title":{"rendered":"Le Dr Gerbault dans le magazine Paris Match du 21\/09\/2023"},"content":{"rendered":"<p>Sortie ce 21 septembre 2023 d'une interview du <a href=\"https:\/\/excellence-esthetique.fr\/fr\/dr-gerbault\/\">Dr Gerbault<\/a> par <strong>Paris Match<\/strong> sur la <a href=\"https:\/\/excellence-esthetique.fr\/fr\/rhinoplastie-ultrasonique\/\">rhinoplastie ultrasonique<\/a>, 10 ans apr\u00e8s le d\u00e9but des travaux du Dr Gerbault sur ces instruments et techniques.<\/p>\n<p>Il y a 10 ans, le terme m\u00eame de rhinoplastie ultrasonique n'existait pas, ni aucun instrument sp\u00e9cifique pour cette op\u00e9ration. Les techniques de rhinoplastie ultrasonique mises au point par le Dr Gerbault sont utilis\u00e9es 10 ans apr\u00e8s partout \u00e0 travers le monde.<\/p>\n<h2>Rhinoplastie ultrasonique : la r\u00e9volution douce<\/h2>\n<figure id=\"attachment_24900\" aria-describedby=\"caption-attachment-24900\" style=\"width: 1298px\" class=\"wp-caption aligncenter\"><img loading=\"lazy\" class=\"wp-image-24900 size-full\" src=\"https:\/\/excellence-esthetique.fr\/wp-content\/uploads\/Paris-Match-Dr-Gerbault.jpg\" alt=\"Dr Gerbault dans Paris Match\" width=\"1298\" height=\"1678\" srcset=\"https:\/\/excellence-esthetique.fr\/wp-content\/uploads\/Paris-Match-Dr-Gerbault.jpg 1298w, https:\/\/excellence-esthetique.fr\/wp-content\/uploads\/Paris-Match-Dr-Gerbault-271x350.jpg 271w, https:\/\/excellence-esthetique.fr\/wp-content\/uploads\/Paris-Match-Dr-Gerbault-792x1024.jpg 792w, https:\/\/excellence-esthetique.fr\/wp-content\/uploads\/Paris-Match-Dr-Gerbault-402x520.jpg 402w, https:\/\/excellence-esthetique.fr\/wp-content\/uploads\/Paris-Match-Dr-Gerbault-1188x1536.jpg 1188w\" sizes=\"(max-width: 1298px) 100vw, 1298px\"><figcaption id=\"caption-attachment-24900\" class=\"wp-caption-text\"><a data-obflink-url=\"aHR0cHM6Ly93d3cucGFyaXNtYXRjaC5jb20vYWN0dS9zYW50ZS9yaGlub3BsYXN0aWUtdWx0cmFzb25pcXVlLWxhLXJldm9sdXRpb24tZG91Y2UtMjI5ODAx\" data-obflink-target=\"_blank\" tabindex=\"0\">Dr Gerbault dans Paris Match<\/a><\/figcaption><\/figure>\n<hr>\n<p style=\"text-align: center;\"><em>Date de publication : <time datetime=\"2023-09-22\">22 septembre 2023<\/time><\/em><\/p>\n\n<div class=\"kk-star-ratings\n     kksr-valign-bottom     kksr-align-center    \"\n    data-payload=\"{&quot;align&quot;:&quot;center&quot;,&quot;id&quot;:&quot;24897&quot;,&quot;slug&quot;:&quot;default&quot;,&quot;valign&quot;:&quot;bottom&quot;,&quot;reference&quot;:&quot;auto&quot;,&quot;count&quot;:&quot;29&quot;,&quot;readonly&quot;:&quot;&quot;,&quot;score&quot;:&quot;4.8&quot;,&quot;best&quot;:&quot;5&quot;,&quot;gap&quot;:&quot;4&quot;,&quot;greet&quot;:&quot;Noter cette page&quot;,&quot;legend&quot;:&quot;4.8\\\/5 - (29 votes)&quot;,&quot;size&quot;:&quot;14&quot;,&quot;width&quot;:&quot;84.4&quot;,&quot;_legend&quot;:&quot;{score}\\\/{best} - ({count} {votes})&quot;}\">\n    \n<div class=\"kksr-stars\">\n    \n<div class=\"kksr-stars-inactive\">\n            <div class=\"kksr-star\" data-star=\"1\" style=\"padding-right: 4px\">\n            \n\n<div class=\"kksr-icon\" style=\"width: 14px; height: 14px;\"><\/div>\n        <\/div>\n            <div class=\"kksr-star\" data-star=\"2\" style=\"padding-right: 4px\">\n            \n\n<div class=\"kksr-icon\" style=\"width: 14px; height: 14px;\"><\/div>\n        <\/div>\n            <div class=\"kksr-star\" data-star=\"3\" style=\"padding-right: 4px\">\n            \n\n<div class=\"kksr-icon\" style=\"width: 14px; height: 14px;\"><\/div>\n        <\/div>\n            <div class=\"kksr-star\" data-star=\"4\" style=\"padding-right: 4px\">\n            \n\n<div class=\"kksr-icon\" style=\"width: 14px; height: 14px;\"><\/div>\n        <\/div>\n            <div class=\"kksr-star\" data-star=\"5\" style=\"padding-right: 4px\">\n            \n\n<div class=\"kksr-icon\" style=\"width: 14px; height: 14px;\"><\/div>\n        <\/div>\n    <\/div>\n    \n<div class=\"kksr-stars-active\" style=\"width: 84.4px;\">\n            <div class=\"kksr-star\" style=\"padding-right: 4px\">\n            \n\n<div class=\"kksr-icon\" style=\"width: 14px; height: 14px;\"><\/div>\n        <\/div>\n            <div class=\"kksr-star\" style=\"padding-right: 4px\">\n            \n\n<div class=\"kksr-icon\" style=\"width: 14px; height: 14px;\"><\/div>\n        <\/div>\n            <div class=\"kksr-star\" style=\"padding-right: 4px\">\n            \n\n<div class=\"kksr-icon\" style=\"width: 14px; height: 14px;\"><\/div>\n        <\/div>\n            <div class=\"kksr-star\" style=\"padding-right: 4px\">\n            \n\n<div class=\"kksr-icon\" style=\"width: 14px; height: 14px;\"><\/div>\n        <\/div>\n            <div class=\"kksr-star\" style=\"padding-right: 4px\">\n            \n\n<div class=\"kksr-icon\" style=\"width: 14px; height: 14px;\"><\/div>\n        <\/div>\n    <\/div>\n<\/div>\n    \n<div class=\"kksr-legend\">\n            4.8\/5 - (29 votes)    <\/div>\n<\/div>\n\n\n","protected":false},"excerpt":{"rendered":"<p>Sortie ce 21 septembre 2023 d&rsquo;une interview du Dr Gerbault par Paris Match sur la rhinoplastie ultrasonique, 10 ans apr\u00e8s le d\u00e9but des travaux du Dr Gerbault sur ces instruments et techniques. Il y a 10 ans, le terme m\u00eame de rhinoplastie ultrasonique n&rsquo;existait pas, ni aucun instrument sp\u00e9cifique pour cette op\u00e9ration. Les techniques de&#8230;<\/p>\n","protected":false},"author":5,"featured_media":24898,"comment_status":"open","ping_status":"closed","sticky":false,"template":"","format":"standard","meta":[],"categories":[172],"tags":[],"acf":[],"yoast_head":"<!-- This site is optimized with the Yoast SEO plugin v18.3 - https:\/\/yoast.com\/wordpress\/plugins\/seo\/ -->\n<title>Le Dr Gerbault dans le magazine Paris Match du 21\/09\/2023<\/title>\n<meta name=\"robots\" content=\"index, follow, max-snippet:-1, max-image-preview:large, max-video-preview:-1\" \/>\n<link rel=\"canonical\" href=\"https:\/\/excellence-esthetique.fr\/fr\/le-dr-gerbault-dans-le-magazine-paris-match-du-21-09-2023.html\" \/>\n<meta property=\"og:locale\" content=\"fr_FR\" \/>\n<meta property=\"og:type\" content=\"article\" \/>\n<meta property=\"og:title\" content=\"Le Dr Gerbault dans le magazine Paris Match du 21\/09\/2023\" \/>\n<meta property=\"og:description\" content=\"Sortie ce 21 septembre 2023 d&#039;une interview du Dr Gerbault par Paris Match sur la rhinoplastie ultrasonique, 10 ans apr\u00e8s le d\u00e9but des travaux du Dr Gerbault sur ces instruments et techniques. Il y a 10 ans, le terme m\u00eame de rhinoplastie ultrasonique n&#039;existait pas, ni aucun instrument sp\u00e9cifique pour cette op\u00e9ration. Les techniques de...\" \/>\n<meta property=\"og:url\" content=\"https:\/\/excellence-esthetique.fr\/fr\/le-dr-gerbault-dans-le-magazine-paris-match-du-21-09-2023.html\" \/>\n<meta property=\"og:site_name\" content=\"Chirurgien rhinoplastie Paris : Dr Gerbault\" \/>\n<meta property=\"article:publisher\" content=\"https:\/\/www.facebook.com\/Dr.Gerbault\/\" \/>\n<meta property=\"article:author\" content=\"https:\/\/www.facebook.com\/Dr.Gerbault\/\" \/>\n<meta property=\"article:published_time\" content=\"2023-09-22T14:22:43+00:00\" \/>\n<meta property=\"article:modified_time\" content=\"2023-09-26T23:42:44+00:00\" \/>\n<meta property=\"og:image\" content=\"https:\/\/excellence-esthetique.fr\/wp-content\/uploads\/Paris-Match-21-Septembre-2023-e1695392623168.jpg\" \/>\n\t<meta property=\"og:image:width\" content=\"500\" \/>\n\t<meta property=\"og:image:height\" content=\"647\" \/>\n\t<meta property=\"og:image:type\" content=\"image\/jpeg\" \/>\n<meta name=\"twitter:card\" content=\"summary_large_image\" \/>\n<meta name=\"twitter:creator\" content=\"@Dr_Gerbault\" \/>\n<meta name=\"twitter:site\" content=\"@Dr_Gerbault\" \/>\n<meta name=\"twitter:label1\" content=\"\u00c9crit par\" \/>\n\t<meta name=\"twitter:data1\" content=\"Dr Olivier Gerbault\" \/>\n\t<meta name=\"twitter:label2\" content=\"Dur\u00e9e de lecture estim\u00e9e\" \/>\n\t<meta name=\"twitter:data2\" content=\"1 minute\" \/>\n<script type=\"application\/ld+json\" class=\"yoast-schema-graph\">{\"@context\":\"https:\/\/schema.org\",\"@graph\":[{\"@type\":[\"Organization\",\"Place\",\"PlasticSurgery\"],\"@id\":\"https:\/\/excellence-esthetique.fr\/fr\/#organization\",\"name\":\"Chirurgien rhinoplastie Paris : Dr Gerbault\",\"url\":\"https:\/\/excellence-esthetique.fr\/fr\/\",\"sameAs\":[\"https:\/\/www.facebook.com\/Dr.Gerbault\/\",\"https:\/\/www.instagram.com\/dr_gerbault_rhinoplastie_paris\/\",\"https:\/\/www.linkedin.com\/in\/oliviergerbault\/\",\"https:\/\/www.youtube.com\/GERBOLIVIER\",\"https:\/\/twitter.com\/Dr_Gerbault\"],\"logo\":{\"@id\":\"https:\/\/excellence-esthetique.fr\/fr\/le-dr-gerbault-dans-le-magazine-paris-match-du-21-09-2023.html#local-main-organization-logo\"},\"image\":{\"@id\":\"https:\/\/excellence-esthetique.fr\/fr\/le-dr-gerbault-dans-le-magazine-paris-match-du-21-09-2023.html#local-main-organization-logo\"},\"address\":{\"@id\":\"https:\/\/excellence-esthetique.fr\/fr\/le-dr-gerbault-dans-le-magazine-paris-match-du-21-09-2023.html#local-main-place-address\"},\"geo\":{\"@type\":\"GeoCoordinates\",\"latitude\":\"48.86772289599891\",\"longitude\":\"2.2794640614090103\"},\"telephone\":[\"+33153663030\"],\"openingHoursSpecification\":{\"@type\":\"OpeningHoursSpecification\",\"dayOfWeek\":[\"Monday\",\"Tuesday\",\"Wednesday\",\"Thursday\",\"Friday\",\"Saturday\",\"Sunday\"],\"opens\":\"00:00\",\"closes\":\"23:59\"},\"areaServed\":\"France\",\"vatID\":\"FR54488777194\",\"taxID\":\"FR54488777194\",\"priceRange\":\"$$$$\"},{\"@type\":\"WebSite\",\"@id\":\"https:\/\/excellence-esthetique.fr\/fr\/#website\",\"url\":\"https:\/\/excellence-esthetique.fr\/fr\/\",\"name\":\"Chirurgien rhinoplastie Paris : Dr Gerbault\",\"description\":\"\",\"publisher\":{\"@id\":\"https:\/\/excellence-esthetique.fr\/fr\/#organization\"},\"potentialAction\":[{\"@type\":\"SearchAction\",\"target\":{\"@type\":\"EntryPoint\",\"urlTemplate\":\"https:\/\/excellence-esthetique.fr\/fr\/?s={search_term_string}\"},\"query-input\":\"required name=search_term_string\"}],\"inLanguage\":\"fr-FR\"},{\"@type\":\"ImageObject\",\"@id\":\"https:\/\/excellence-esthetique.fr\/fr\/le-dr-gerbault-dans-le-magazine-paris-match-du-21-09-2023.html#primaryimage\",\"inLanguage\":\"fr-FR\",\"url\":\"https:\/\/excellence-esthetique.fr\/wp-content\/uploads\/Paris-Match-21-Septembre-2023-e1695392623168.jpg\",\"contentUrl\":\"https:\/\/excellence-esthetique.fr\/wp-content\/uploads\/Paris-Match-21-Septembre-2023-e1695392623168.jpg\",\"width\":500,\"height\":647,\"caption\":\"Paris Match 21 Septembre 2023\"},{\"@type\":[\"WebPage\",\"MedicalWebPage\"],\"@id\":\"https:\/\/excellence-esthetique.fr\/fr\/le-dr-gerbault-dans-le-magazine-paris-match-du-21-09-2023.html#webpage\",\"url\":\"https:\/\/excellence-esthetique.fr\/fr\/le-dr-gerbault-dans-le-magazine-paris-match-du-21-09-2023.html\",\"name\":\"Le Dr Gerbault dans le magazine Paris Match du 21\/09\/2023\",\"isPartOf\":{\"@id\":\"https:\/\/excellence-esthetique.fr\/fr\/#website\"},\"primaryImageOfPage\":{\"@id\":\"https:\/\/excellence-esthetique.fr\/fr\/le-dr-gerbault-dans-le-magazine-paris-match-du-21-09-2023.html#primaryimage\"},\"datePublished\":\"2023-09-22T14:22:43+00:00\",\"dateModified\":\"2023-09-26T23:42:44+00:00\",\"breadcrumb\":{\"@id\":\"https:\/\/excellence-esthetique.fr\/fr\/le-dr-gerbault-dans-le-magazine-paris-match-du-21-09-2023.html#breadcrumb\"},\"inLanguage\":\"fr-FR\",\"potentialAction\":[{\"@type\":\"ReadAction\",\"target\":[\"https:\/\/excellence-esthetique.fr\/fr\/le-dr-gerbault-dans-le-magazine-paris-match-du-21-09-2023.html\"]}]},{\"@type\":\"BreadcrumbList\",\"@id\":\"https:\/\/excellence-esthetique.fr\/fr\/le-dr-gerbault-dans-le-magazine-paris-match-du-21-09-2023.html#breadcrumb\",\"itemListElement\":[{\"@type\":\"ListItem\",\"position\":1,\"name\":\"Chirurgie esth\u00e9tique Paris\",\"item\":\"https:\/\/excellence-esthetique.fr\/fr\"},{\"@type\":\"ListItem\",\"position\":2,\"name\":\"Actualit\u00e9s\",\"item\":\"https:\/\/excellence-esthetique.fr\/fr\/blog\/\"},{\"@type\":\"ListItem\",\"position\":3,\"name\":\"Le Dr Gerbault dans le magazine Paris Match du 21\/09\/2023\"}]},{\"@type\":\"Article\",\"@id\":\"https:\/\/excellence-esthetique.fr\/fr\/le-dr-gerbault-dans-le-magazine-paris-match-du-21-09-2023.html#article\",\"isPartOf\":{\"@id\":\"https:\/\/excellence-esthetique.fr\/fr\/le-dr-gerbault-dans-le-magazine-paris-match-du-21-09-2023.html#webpage\"},\"author\":{\"@id\":\"https:\/\/excellence-esthetique.fr\/fr\/#\/schema\/person\/18e47300fb6bb54eaa76163c6c3d5f86\"},\"headline\":\"Le Dr Gerbault dans le magazine Paris Match du 21\/09\/2023\",\"datePublished\":\"2023-09-22T14:22:43+00:00\",\"dateModified\":\"2023-09-26T23:42:44+00:00\",\"mainEntityOfPage\":{\"@id\":\"https:\/\/excellence-esthetique.fr\/fr\/le-dr-gerbault-dans-le-magazine-paris-match-du-21-09-2023.html#webpage\"},\"wordCount\":106,\"commentCount\":0,\"publisher\":{\"@id\":\"https:\/\/excellence-esthetique.fr\/fr\/#organization\"},\"image\":{\"@id\":\"https:\/\/excellence-esthetique.fr\/fr\/le-dr-gerbault-dans-le-magazine-paris-match-du-21-09-2023.html#primaryimage\"},\"thumbnailUrl\":\"https:\/\/excellence-esthetique.fr\/wp-content\/uploads\/Paris-Match-21-Septembre-2023-e1695392623168.jpg\",\"articleSection\":[\"Actualit\u00e9s\"],\"inLanguage\":\"fr-FR\",\"potentialAction\":[{\"@type\":\"CommentAction\",\"name\":\"Comment\",\"target\":[\"https:\/\/excellence-esthetique.fr\/fr\/le-dr-gerbault-dans-le-magazine-paris-match-du-21-09-2023.html#respond\"]}]},{\"@type\":\"Person\",\"@id\":\"https:\/\/excellence-esthetique.fr\/fr\/#\/schema\/person\/18e47300fb6bb54eaa76163c6c3d5f86\",\"name\":\"Dr Olivier Gerbault\",\"sameAs\":[\"https:\/\/excellence-esthetique.fr\/fr\/dr-gerbault\/\",\"https:\/\/www.facebook.com\/Dr.Gerbault\/\",\"https:\/\/www.instagram.com\/dr_gerbault_rhinoplastie_paris\/\",\"https:\/\/www.linkedin.com\/in\/oliviergerbault\/\",\"https:\/\/twitter.com\/Dr_Gerbault\",\"https:\/\/www.youtube.com\/channel\/UCEe5FdN1eZE5T2E_8ndZjfw\"]},{\"@type\":\"PostalAddress\",\"@id\":\"https:\/\/excellence-esthetique.fr\/fr\/le-dr-gerbault-dans-le-magazine-paris-match-du-21-09-2023.html#local-main-place-address\",\"streetAddress\":\"138 avenue Victor Hugo\",\"addressLocality\":\"Paris\",\"postalCode\":\"75116\",\"addressCountry\":\"FR\"},{\"@type\":\"ImageObject\",\"@id\":\"https:\/\/excellence-esthetique.fr\/fr\/le-dr-gerbault-dans-le-magazine-paris-match-du-21-09-2023.html#local-main-organization-logo\",\"inLanguage\":\"fr-FR\",\"url\":\"https:\/\/excellence-esthetique.fr\/wp-content\/uploads\/logo.jpg\",\"contentUrl\":\"https:\/\/excellence-esthetique.fr\/wp-content\/uploads\/logo.jpg\",\"width\":600,\"height\":334,\"caption\":\"Chirurgien rhinoplastie Paris : Dr Gerbault\"}]}<\/script>\n<meta name=\"geo.placename\" content=\"Paris\" \/>\n<meta name=\"geo.position\" content=\"48.86772289599891;2.2794640614090103\" \/>\n<meta name=\"geo.region\" content=\"France\" \/>\n<!-- \/ Yoast SEO plugin. -->","yoast_head_json":{"title":"Le Dr Gerbault dans le magazine Paris Match du 21\/09\/2023","robots":{"index":"index","follow":"follow","max-snippet":"max-snippet:-1","max-image-preview":"max-image-preview:large","max-video-preview":"max-video-preview:-1"},"canonical":"https:\/\/excellence-esthetique.fr\/fr\/le-dr-gerbault-dans-le-magazine-paris-match-du-21-09-2023.html","og_locale":"fr_FR","og_type":"article","og_title":"Le Dr Gerbault dans le magazine Paris Match du 21\/09\/2023","og_description":"Sortie ce 21 septembre 2023 d'une interview du Dr Gerbault par Paris Match sur la rhinoplastie ultrasonique, 10 ans apr\u00e8s le d\u00e9but des travaux du Dr Gerbault sur ces instruments et techniques. Il y a 10 ans, le terme m\u00eame de rhinoplastie ultrasonique n'existait pas, ni aucun instrument sp\u00e9cifique pour cette op\u00e9ration. Les techniques de...","og_url":"https:\/\/excellence-esthetique.fr\/fr\/le-dr-gerbault-dans-le-magazine-paris-match-du-21-09-2023.html","og_site_name":"Chirurgien rhinoplastie Paris : Dr Gerbault","article_publisher":"https:\/\/www.facebook.com\/Dr.Gerbault\/","article_author":"https:\/\/www.facebook.com\/Dr.Gerbault\/","article_published_time":"2023-09-22T14:22:43+00:00","article_modified_time":"2023-09-26T23:42:44+00:00","og_image":[{"width":500,"height":647,"url":"https:\/\/excellence-esthetique.fr\/wp-content\/uploads\/Paris-Match-21-Septembre-2023-e1695392623168.jpg","type":"image\/jpeg"}],"twitter_card":"summary_large_image","twitter_creator":"@Dr_Gerbault","twitter_site":"@Dr_Gerbault","twitter_misc":{"\u00c9crit par":"Dr Olivier Gerbault","Dur\u00e9e de lecture estim\u00e9e":"1 minute"},"schema":{"@context":"https:\/\/schema.org","@graph":[{"@type":["Organization","Place","PlasticSurgery"],"@id":"https:\/\/excellence-esthetique.fr\/fr\/#organization","name":"Chirurgien rhinoplastie Paris : Dr Gerbault","url":"https:\/\/excellence-esthetique.fr\/fr\/","sameAs":["https:\/\/www.facebook.com\/Dr.Gerbault\/","https:\/\/www.instagram.com\/dr_gerbault_rhinoplastie_paris\/","https:\/\/www.linkedin.com\/in\/oliviergerbault\/","https:\/\/www.youtube.com\/GERBOLIVIER","https:\/\/twitter.com\/Dr_Gerbault"],"logo":{"@id":"https:\/\/excellence-esthetique.fr\/fr\/le-dr-gerbault-dans-le-magazine-paris-match-du-21-09-2023.html#local-main-organization-logo"},"image":{"@id":"https:\/\/excellence-esthetique.fr\/fr\/le-dr-gerbault-dans-le-magazine-paris-match-du-21-09-2023.html#local-main-organization-logo"},"address":{"@id":"https:\/\/excellence-esthetique.fr\/fr\/le-dr-gerbault-dans-le-magazine-paris-match-du-21-09-2023.html#local-main-place-address"},"geo":{"@type":"GeoCoordinates","latitude":"48.86772289599891","longitude":"2.2794640614090103"},"telephone":["+33153663030","+33153663030"],"openingHoursSpecification":{"@type":"OpeningHoursSpecification","dayOfWeek":["Monday","Tuesday","Wednesday","Thursday","Friday","Saturday","Sunday"],"opens":"00:00","closes":"23:59"},"areaServed":"France","vatID":"FR54488777194","taxID":"FR54488777194","priceRange":"$$$$"},{"@type":"WebSite","@id":"https:\/\/excellence-esthetique.fr\/fr\/#website","url":"https:\/\/excellence-esthetique.fr\/fr\/","name":"Chirurgien rhinoplastie Paris : Dr Gerbault","description":"","publisher":{"@id":"https:\/\/excellence-esthetique.fr\/fr\/#organization"},"potentialAction":[{"@type":"SearchAction","target":{"@type":"EntryPoint","urlTemplate":"https:\/\/excellence-esthetique.fr\/fr\/?s={search_term_string}"},"query-input":"required name=search_term_string"}],"inLanguage":"fr-FR"},{"@type":"ImageObject","@id":"https:\/\/excellence-esthetique.fr\/fr\/le-dr-gerbault-dans-le-magazine-paris-match-du-21-09-2023.html#primaryimage","inLanguage":"fr-FR","url":"https:\/\/excellence-esthetique.fr\/wp-content\/uploads\/Paris-Match-21-Septembre-2023-e1695392623168.jpg","contentUrl":"https:\/\/excellence-esthetique.fr\/wp-content\/uploads\/Paris-Match-21-Septembre-2023-e1695392623168.jpg","width":500,"height":647,"caption":"Paris Match 21 Septembre 2023"},{"@type":["WebPage","MedicalWebPage"],"@id":"https:\/\/excellence-esthetique.fr\/fr\/le-dr-gerbault-dans-le-magazine-paris-match-du-21-09-2023.html#webpage","url":"https:\/\/excellence-esthetique.fr\/fr\/le-dr-gerbault-dans-le-magazine-paris-match-du-21-09-2023.html","name":"Le Dr Gerbault dans le magazine Paris Match du 21\/09\/2023","isPartOf":{"@id":"https:\/\/excellence-esthetique.fr\/fr\/#website"},"primaryImageOfPage":{"@id":"https:\/\/excellence-esthetique.fr\/fr\/le-dr-gerbault-dans-le-magazine-paris-match-du-21-09-2023.html#primaryimage"},"datePublished":"2023-09-22T14:22:43+00:00","dateModified":"2023-09-26T23:42:44+00:00","breadcrumb":{"@id":"https:\/\/excellence-esthetique.fr\/fr\/le-dr-gerbault-dans-le-magazine-paris-match-du-21-09-2023.html#breadcrumb"},"inLanguage":"fr-FR","potentialAction":[{"@type":"ReadAction","target":["https:\/\/excellence-esthetique.fr\/fr\/le-dr-gerbault-dans-le-magazine-paris-match-du-21-09-2023.html"]}]},{"@type":"BreadcrumbList","@id":"https:\/\/excellence-esthetique.fr\/fr\/le-dr-gerbault-dans-le-magazine-paris-match-du-21-09-2023.html#breadcrumb","itemListElement":[{"@type":"ListItem","position":1,"name":"Chirurgie esth\u00e9tique Paris","item":"https:\/\/excellence-esthetique.fr\/fr"},{"@type":"ListItem","position":2,"name":"Actualit\u00e9s","item":"https:\/\/excellence-esthetique.fr\/fr\/blog\/"},{"@type":"ListItem","position":3,"name":"Le Dr Gerbault dans le magazine Paris Match du 21\/09\/2023"}]},{"@type":"Article","@id":"https:\/\/excellence-esthetique.fr\/fr\/le-dr-gerbault-dans-le-magazine-paris-match-du-21-09-2023.html#article","isPartOf":{"@id":"https:\/\/excellence-esthetique.fr\/fr\/le-dr-gerbault-dans-le-magazine-paris-match-du-21-09-2023.html#webpage"},"author":{"@id":"https:\/\/excellence-esthetique.fr\/fr\/#\/schema\/person\/18e47300fb6bb54eaa76163c6c3d5f86"},"headline":"Le Dr Gerbault dans le magazine Paris Match du 21\/09\/2023","datePublished":"2023-09-22T14:22:43+00:00","dateModified":"2023-09-26T23:42:44+00:00","mainEntityOfPage":{"@id":"https:\/\/excellence-esthetique.fr\/fr\/le-dr-gerbault-dans-le-magazine-paris-match-du-21-09-2023.html#webpage"},"wordCount":106,"commentCount":0,"publisher":{"@id":"https:\/\/excellence-esthetique.fr\/fr\/#organization"},"image":{"@id":"https:\/\/excellence-esthetique.fr\/fr\/le-dr-gerbault-dans-le-magazine-paris-match-du-21-09-2023.html#primaryimage"},"thumbnailUrl":"https:\/\/excellence-esthetique.fr\/wp-content\/uploads\/Paris-Match-21-Septembre-2023-e1695392623168.jpg","articleSection":["Actualit\u00e9s"],"inLanguage":"fr-FR","potentialAction":[{"@type":"CommentAction","name":"Comment","target":["https:\/\/excellence-esthetique.fr\/fr\/le-dr-gerbault-dans-le-magazine-paris-match-du-21-09-2023.html#respond"]}]},{"@type":"Person","@id":"https:\/\/excellence-esthetique.fr\/fr\/#\/schema\/person\/18e47300fb6bb54eaa76163c6c3d5f86","name":"Dr Olivier Gerbault","sameAs":["https:\/\/excellence-esthetique.fr\/fr\/dr-gerbault\/","https:\/\/www.facebook.com\/Dr.Gerbault\/","https:\/\/www.instagram.com\/dr_gerbault_rhinoplastie_paris\/","https:\/\/www.linkedin.com\/in\/oliviergerbault\/","https:\/\/twitter.com\/Dr_Gerbault","https:\/\/www.youtube.com\/channel\/UCEe5FdN1eZE5T2E_8ndZjfw"]},{"@type":"PostalAddress","@id":"https:\/\/excellence-esthetique.fr\/fr\/le-dr-gerbault-dans-le-magazine-paris-match-du-21-09-2023.html#local-main-place-address","streetAddress":"138 avenue Victor Hugo","addressLocality":"Paris","postalCode":"75116","addressCountry":"FR"},{"@type":"ImageObject","@id":"https:\/\/excellence-esthetique.fr\/fr\/le-dr-gerbault-dans-le-magazine-paris-match-du-21-09-2023.html#local-main-organization-logo","inLanguage":"fr-FR","url":"https:\/\/excellence-esthetique.fr\/wp-content\/uploads\/logo.jpg","contentUrl":"https:\/\/excellence-esthetique.fr\/wp-content\/uploads\/logo.jpg","width":600,"height":334,"caption":"Chirurgien rhinoplastie Paris : Dr Gerbault"}]},"geo.placename":"Paris","geo.position":{"lat":"48.86772289599891","long":"2.2794640614090103"},"geo.region":"France"},"_links":{"self":[{"href":"https:\/\/excellence-esthetique.fr\/fr\/wp-json\/wp\/v2\/posts\/24897"}],"collection":[{"href":"https:\/\/excellence-esthetique.fr\/fr\/wp-json\/wp\/v2\/posts"}],"about":[{"href":"https:\/\/excellence-esthetique.fr\/fr\/wp-json\/wp\/v2\/types\/post"}],"author":[{"embeddable":true,"href":"https:\/\/excellence-esthetique.fr\/fr\/wp-json\/wp\/v2\/users\/5"}],"replies":[{"embeddable":true,"href":"https:\/\/excellence-esthetique.fr\/fr\/wp-json\/wp\/v2\/comments?post=24897"}],"version-history":[{"count":4,"href":"https:\/\/excellence-esthetique.fr\/fr\/wp-json\/wp\/v2\/posts\/24897\/revisions"}],"predecessor-version":[{"id":24912,"href":"https:\/\/excellence-esthetique.fr\/fr\/wp-json\/wp\/v2\/posts\/24897\/revisions\/24912"}],"wp:featuredmedia":[{"embeddable":true,"href":"https:\/\/excellence-esthetique.fr\/fr\/wp-json\/wp\/v2\/media\/24898"}],"wp:attachment":[{"href":"https:\/\/excellence-esthetique.fr\/fr\/wp-json\/wp\/v2\/media?parent=24897"}],"wp:term":[{"taxonomy":"category","embeddable":true,"href":"https:\/\/excellence-esthetique.fr\/fr\/wp-json\/wp\/v2\/categories?post=24897"},{"taxonomy":"post_tag","embeddable":true,"href":"https:\/\/excellence-esthetique.fr\/fr\/wp-json\/wp\/v2\/tags?post=24897"}],"curies":[{"name":"wp","href":"https:\/\/api.w.org\/{rel}","templated":true}]}}