{"id":5715,"date":"2018-06-04T09:37:28","date_gmt":"2018-06-04T08:37:28","guid":{"rendered":"https:\/\/excellence-esthetique.fr\/?p=5715"},"modified":"2020-01-23T04:39:15","modified_gmt":"2020-01-23T03:39:15","slug":"article-du-dr-gerbault-sur-la-rhinoplastie-dans-la-premiere-revue-mondiale-de-chirurgie-esthetique","status":"publish","type":"post","link":"https:\/\/excellence-esthetique.fr\/fr\/article-du-dr-gerbault-sur-la-rhinoplastie-dans-la-premiere-revue-mondiale-de-chirurgie-esthetique.html","title":{"rendered":"Article du Dr Gerbault sur la rhinoplastie dans la premi\u00e8re revue mondiale de chirurgie esth\u00e9tique"},"content":{"rendered":"<p>En juin sort un article du Docteur Gerbault sur la rhinoplastie dans la premi\u00e8re revue mondiale de chirurgie esth\u00e9tique : l'<strong>American Journal of Aesthetic Surgery<\/strong>. Cet article reprend l'analyse actuelle de la pyramide nasale bas\u00e9e sur les travaux anatomiques et cliniques du Docteur Gerbault et de ses co-auteurs en France, aux Etats Unis et en Hongrie.<\/p>\n<hr>\n<h2>Aesthetic Surgery Journal<\/h2>\n<p>Pour la premi\u00e8re fois, une classification des diff\u00e9rents types de nez est effectu\u00e9e bas\u00e9e sur les variations anatomiques des diff\u00e9rentes zones de la pyramide nasale. Cette classification permet d'utiliser les diff\u00e9rents proc\u00e9d\u00e9s que permet la rhinoplastie ultrasonique (ost\u00e9otomies, ostectomie, ost\u00e9oplastie, rhinosculpture...) de fa\u00e7on adapt\u00e9e \u00e0 chaque nez. La rhinoplastie ultrasonique permet un contr\u00f4le in\u00e9gal\u00e9 sur le mouvement et la position des os du nez.<\/p>\n<p>Le Dr D. Toriumi de Chicago, qui est le rhinoplasticien le plus connu et respect\u00e9 au monde, a \u00e9t\u00e9 invit\u00e9 \u00e0 commenter cet article.<\/p>\n<p>Lien de l'article complet en anglais : <a href=\"https:\/\/academic.oup.com\/asj\/article-abstract\/38\/6\/603\/4955754?redirectedFrom=fulltext\" target=\"_blank\" rel=\"nofollow noopener noreferrer\">https:\/\/academic.oup.com\/asj\/article-abstract\/38\/6\/603\/4955754?redirectedFrom=fulltext<\/a><\/p>\n<hr>\n<p style=\"text-align: center;\"><em>Date de publication : <time datetime=\"2018-06-04\">4 juin 2018<\/time><\/em><\/p>\n\n<div class=\"kk-star-ratings\n     kksr-valign-bottom     kksr-align-center    \"\n    data-payload=\"{&quot;align&quot;:&quot;center&quot;,&quot;id&quot;:&quot;5715&quot;,&quot;slug&quot;:&quot;default&quot;,&quot;valign&quot;:&quot;bottom&quot;,&quot;reference&quot;:&quot;auto&quot;,&quot;count&quot;:&quot;64&quot;,&quot;readonly&quot;:&quot;&quot;,&quot;score&quot;:&quot;4.9&quot;,&quot;best&quot;:&quot;5&quot;,&quot;gap&quot;:&quot;4&quot;,&quot;greet&quot;:&quot;Noter cette page&quot;,&quot;legend&quot;:&quot;4.9\\\/5 - (64 votes)&quot;,&quot;size&quot;:&quot;14&quot;,&quot;width&quot;:&quot;86.2&quot;,&quot;_legend&quot;:&quot;{score}\\\/{best} - ({count} {votes})&quot;}\">\n    \n<div class=\"kksr-stars\">\n    \n<div class=\"kksr-stars-inactive\">\n            <div class=\"kksr-star\" data-star=\"1\" style=\"padding-right: 4px\">\n            \n\n<div class=\"kksr-icon\" style=\"width: 14px; height: 14px;\"><\/div>\n        <\/div>\n            <div class=\"kksr-star\" data-star=\"2\" style=\"padding-right: 4px\">\n            \n\n<div class=\"kksr-icon\" style=\"width: 14px; height: 14px;\"><\/div>\n        <\/div>\n            <div class=\"kksr-star\" data-star=\"3\" style=\"padding-right: 4px\">\n            \n\n<div class=\"kksr-icon\" style=\"width: 14px; height: 14px;\"><\/div>\n        <\/div>\n            <div class=\"kksr-star\" data-star=\"4\" style=\"padding-right: 4px\">\n            \n\n<div class=\"kksr-icon\" style=\"width: 14px; height: 14px;\"><\/div>\n        <\/div>\n            <div class=\"kksr-star\" data-star=\"5\" style=\"padding-right: 4px\">\n            \n\n<div class=\"kksr-icon\" style=\"width: 14px; height: 14px;\"><\/div>\n        <\/div>\n    <\/div>\n    \n<div class=\"kksr-stars-active\" style=\"width: 86.2px;\">\n            <div class=\"kksr-star\" style=\"padding-right: 4px\">\n            \n\n<div class=\"kksr-icon\" style=\"width: 14px; height: 14px;\"><\/div>\n        <\/div>\n            <div class=\"kksr-star\" style=\"padding-right: 4px\">\n            \n\n<div class=\"kksr-icon\" style=\"width: 14px; height: 14px;\"><\/div>\n        <\/div>\n            <div class=\"kksr-star\" style=\"padding-right: 4px\">\n            \n\n<div class=\"kksr-icon\" style=\"width: 14px; height: 14px;\"><\/div>\n        <\/div>\n            <div class=\"kksr-star\" style=\"padding-right: 4px\">\n            \n\n<div class=\"kksr-icon\" style=\"width: 14px; height: 14px;\"><\/div>\n        <\/div>\n            <div class=\"kksr-star\" style=\"padding-right: 4px\">\n            \n\n<div class=\"kksr-icon\" style=\"width: 14px; height: 14px;\"><\/div>\n        <\/div>\n    <\/div>\n<\/div>\n    \n<div class=\"kksr-legend\">\n            4.9\/5 - (64 votes)    <\/div>\n<\/div>\n\n\n","protected":false},"excerpt":{"rendered":"<p>En juin sort un article du Docteur Gerbault sur la rhinoplastie dans la premi\u00e8re revue mondiale de chirurgie esth\u00e9tique : l&rsquo;American Journal of Aesthetic Surgery. Cet article reprend l&rsquo;analyse actuelle de la pyramide nasale bas\u00e9e sur les travaux anatomiques et cliniques du Docteur Gerbault et de ses co-auteurs en France, aux Etats Unis et en&#8230;<\/p>\n","protected":false},"author":5,"featured_media":15040,"comment_status":"open","ping_status":"closed","sticky":false,"template":"","format":"standard","meta":[],"categories":[172],"tags":[],"acf":[],"yoast_head":"<!-- This site is optimized with the Yoast SEO plugin v18.3 - https:\/\/yoast.com\/wordpress\/plugins\/seo\/ -->\n<title>Article du Dr Gerbault dans la 1\u00e8re revue mondiale de chirurgie esth\u00e9tique<\/title>\n<meta name=\"description\" content=\"Article scientifique du Dr Gerbault sur la rhinoplastie ultrasonique dans la premi\u00e8re revue mondiale de chirurgie esth\u00e9tique\" \/>\n<meta name=\"robots\" content=\"index, follow, max-snippet:-1, max-image-preview:large, max-video-preview:-1\" \/>\n<link rel=\"canonical\" href=\"https:\/\/excellence-esthetique.fr\/fr\/article-du-dr-gerbault-sur-la-rhinoplastie-dans-la-premiere-revue-mondiale-de-chirurgie-esthetique.html\" \/>\n<meta property=\"og:locale\" content=\"fr_FR\" \/>\n<meta property=\"og:type\" content=\"article\" \/>\n<meta property=\"og:title\" content=\"Article du Dr Gerbault dans la 1\u00e8re revue mondiale de chirurgie esth\u00e9tique\" \/>\n<meta property=\"og:description\" content=\"Article scientifique du Dr Gerbault sur la rhinoplastie ultrasonique dans la premi\u00e8re revue mondiale de chirurgie esth\u00e9tique\" \/>\n<meta property=\"og:url\" content=\"https:\/\/excellence-esthetique.fr\/fr\/article-du-dr-gerbault-sur-la-rhinoplastie-dans-la-premiere-revue-mondiale-de-chirurgie-esthetique.html\" \/>\n<meta property=\"og:site_name\" content=\"Chirurgien rhinoplastie Paris : Dr Gerbault\" \/>\n<meta property=\"article:publisher\" content=\"https:\/\/www.facebook.com\/Dr.Gerbault\/\" \/>\n<meta property=\"article:author\" content=\"https:\/\/www.facebook.com\/Dr.Gerbault\/\" \/>\n<meta property=\"article:published_time\" content=\"2018-06-04T08:37:28+00:00\" \/>\n<meta property=\"article:modified_time\" content=\"2020-01-23T03:39:15+00:00\" \/>\n<meta property=\"og:image\" content=\"https:\/\/excellence-esthetique.fr\/wp-content\/uploads\/m_cover.png\" \/>\n\t<meta property=\"og:image:width\" content=\"520\" \/>\n\t<meta property=\"og:image:height\" content=\"677\" \/>\n\t<meta property=\"og:image:type\" content=\"image\/png\" \/>\n<meta name=\"twitter:card\" content=\"summary_large_image\" \/>\n<meta name=\"twitter:creator\" content=\"@Dr_Gerbault\" \/>\n<meta name=\"twitter:site\" content=\"@Dr_Gerbault\" \/>\n<meta name=\"twitter:label1\" content=\"\u00c9crit par\" \/>\n\t<meta name=\"twitter:data1\" content=\"Dr Olivier Gerbault\" \/>\n\t<meta name=\"twitter:label2\" content=\"Dur\u00e9e de lecture estim\u00e9e\" \/>\n\t<meta name=\"twitter:data2\" content=\"1 minute\" \/>\n<script type=\"application\/ld+json\" class=\"yoast-schema-graph\">{\"@context\":\"https:\/\/schema.org\",\"@graph\":[{\"@type\":[\"Organization\",\"Place\",\"PlasticSurgery\"],\"@id\":\"https:\/\/excellence-esthetique.fr\/fr\/#organization\",\"name\":\"Chirurgien rhinoplastie Paris : Dr Gerbault\",\"url\":\"https:\/\/excellence-esthetique.fr\/fr\/\",\"sameAs\":[\"https:\/\/www.facebook.com\/Dr.Gerbault\/\",\"https:\/\/www.instagram.com\/dr_gerbault_rhinoplastie_paris\/\",\"https:\/\/www.linkedin.com\/in\/oliviergerbault\/\",\"https:\/\/www.youtube.com\/GERBOLIVIER\",\"https:\/\/twitter.com\/Dr_Gerbault\"],\"logo\":{\"@id\":\"https:\/\/excellence-esthetique.fr\/fr\/article-du-dr-gerbault-sur-la-rhinoplastie-dans-la-premiere-revue-mondiale-de-chirurgie-esthetique.html#local-main-organization-logo\"},\"image\":{\"@id\":\"https:\/\/excellence-esthetique.fr\/fr\/article-du-dr-gerbault-sur-la-rhinoplastie-dans-la-premiere-revue-mondiale-de-chirurgie-esthetique.html#local-main-organization-logo\"},\"address\":{\"@id\":\"https:\/\/excellence-esthetique.fr\/fr\/article-du-dr-gerbault-sur-la-rhinoplastie-dans-la-premiere-revue-mondiale-de-chirurgie-esthetique.html#local-main-place-address\"},\"geo\":{\"@type\":\"GeoCoordinates\",\"latitude\":\"48.86772289599891\",\"longitude\":\"2.2794640614090103\"},\"telephone\":[\"+33153663030\"],\"openingHoursSpecification\":{\"@type\":\"OpeningHoursSpecification\",\"dayOfWeek\":[\"Monday\",\"Tuesday\",\"Wednesday\",\"Thursday\",\"Friday\",\"Saturday\",\"Sunday\"],\"opens\":\"00:00\",\"closes\":\"23:59\"},\"areaServed\":\"France\",\"vatID\":\"FR54488777194\",\"taxID\":\"FR54488777194\",\"priceRange\":\"$$$$\"},{\"@type\":\"WebSite\",\"@id\":\"https:\/\/excellence-esthetique.fr\/fr\/#website\",\"url\":\"https:\/\/excellence-esthetique.fr\/fr\/\",\"name\":\"Chirurgien rhinoplastie Paris : Dr Gerbault\",\"description\":\"\",\"publisher\":{\"@id\":\"https:\/\/excellence-esthetique.fr\/fr\/#organization\"},\"potentialAction\":[{\"@type\":\"SearchAction\",\"target\":{\"@type\":\"EntryPoint\",\"urlTemplate\":\"https:\/\/excellence-esthetique.fr\/fr\/?s={search_term_string}\"},\"query-input\":\"required name=search_term_string\"}],\"inLanguage\":\"fr-FR\"},{\"@type\":\"ImageObject\",\"@id\":\"https:\/\/excellence-esthetique.fr\/fr\/article-du-dr-gerbault-sur-la-rhinoplastie-dans-la-premiere-revue-mondiale-de-chirurgie-esthetique.html#primaryimage\",\"inLanguage\":\"fr-FR\",\"url\":\"https:\/\/excellence-esthetique.fr\/wp-content\/uploads\/m_cover.png\",\"contentUrl\":\"https:\/\/excellence-esthetique.fr\/wp-content\/uploads\/m_cover.png\",\"width\":520,\"height\":677},{\"@type\":[\"WebPage\",\"MedicalWebPage\"],\"@id\":\"https:\/\/excellence-esthetique.fr\/fr\/article-du-dr-gerbault-sur-la-rhinoplastie-dans-la-premiere-revue-mondiale-de-chirurgie-esthetique.html#webpage\",\"url\":\"https:\/\/excellence-esthetique.fr\/fr\/article-du-dr-gerbault-sur-la-rhinoplastie-dans-la-premiere-revue-mondiale-de-chirurgie-esthetique.html\",\"name\":\"Article du Dr Gerbault dans la 1\u00e8re revue mondiale de chirurgie esth\u00e9tique\",\"isPartOf\":{\"@id\":\"https:\/\/excellence-esthetique.fr\/fr\/#website\"},\"primaryImageOfPage\":{\"@id\":\"https:\/\/excellence-esthetique.fr\/fr\/article-du-dr-gerbault-sur-la-rhinoplastie-dans-la-premiere-revue-mondiale-de-chirurgie-esthetique.html#primaryimage\"},\"datePublished\":\"2018-06-04T08:37:28+00:00\",\"dateModified\":\"2020-01-23T03:39:15+00:00\",\"description\":\"Article scientifique du Dr Gerbault sur la rhinoplastie ultrasonique dans la premi\u00e8re revue mondiale de chirurgie esth\u00e9tique\",\"breadcrumb\":{\"@id\":\"https:\/\/excellence-esthetique.fr\/fr\/article-du-dr-gerbault-sur-la-rhinoplastie-dans-la-premiere-revue-mondiale-de-chirurgie-esthetique.html#breadcrumb\"},\"inLanguage\":\"fr-FR\",\"potentialAction\":[{\"@type\":\"ReadAction\",\"target\":[\"https:\/\/excellence-esthetique.fr\/fr\/article-du-dr-gerbault-sur-la-rhinoplastie-dans-la-premiere-revue-mondiale-de-chirurgie-esthetique.html\"]}]},{\"@type\":\"BreadcrumbList\",\"@id\":\"https:\/\/excellence-esthetique.fr\/fr\/article-du-dr-gerbault-sur-la-rhinoplastie-dans-la-premiere-revue-mondiale-de-chirurgie-esthetique.html#breadcrumb\",\"itemListElement\":[{\"@type\":\"ListItem\",\"position\":1,\"name\":\"Chirurgie esth\u00e9tique Paris\",\"item\":\"https:\/\/excellence-esthetique.fr\/fr\"},{\"@type\":\"ListItem\",\"position\":2,\"name\":\"Actualit\u00e9s\",\"item\":\"https:\/\/excellence-esthetique.fr\/fr\/blog\/\"},{\"@type\":\"ListItem\",\"position\":3,\"name\":\"Article du Dr Gerbault sur la rhinoplastie dans la premi\u00e8re revue mondiale de chirurgie esth\u00e9tique\"}]},{\"@type\":\"Article\",\"@id\":\"https:\/\/excellence-esthetique.fr\/fr\/article-du-dr-gerbault-sur-la-rhinoplastie-dans-la-premiere-revue-mondiale-de-chirurgie-esthetique.html#article\",\"isPartOf\":{\"@id\":\"https:\/\/excellence-esthetique.fr\/fr\/article-du-dr-gerbault-sur-la-rhinoplastie-dans-la-premiere-revue-mondiale-de-chirurgie-esthetique.html#webpage\"},\"author\":{\"@id\":\"https:\/\/excellence-esthetique.fr\/fr\/#\/schema\/person\/18e47300fb6bb54eaa76163c6c3d5f86\"},\"headline\":\"Article du Dr Gerbault sur la rhinoplastie dans la premi\u00e8re revue mondiale de chirurgie esth\u00e9tique\",\"datePublished\":\"2018-06-04T08:37:28+00:00\",\"dateModified\":\"2020-01-23T03:39:15+00:00\",\"mainEntityOfPage\":{\"@id\":\"https:\/\/excellence-esthetique.fr\/fr\/article-du-dr-gerbault-sur-la-rhinoplastie-dans-la-premiere-revue-mondiale-de-chirurgie-esthetique.html#webpage\"},\"wordCount\":196,\"commentCount\":0,\"publisher\":{\"@id\":\"https:\/\/excellence-esthetique.fr\/fr\/#organization\"},\"image\":{\"@id\":\"https:\/\/excellence-esthetique.fr\/fr\/article-du-dr-gerbault-sur-la-rhinoplastie-dans-la-premiere-revue-mondiale-de-chirurgie-esthetique.html#primaryimage\"},\"thumbnailUrl\":\"https:\/\/excellence-esthetique.fr\/wp-content\/uploads\/m_cover.png\",\"articleSection\":[\"Actualit\u00e9s\"],\"inLanguage\":\"fr-FR\",\"potentialAction\":[{\"@type\":\"CommentAction\",\"name\":\"Comment\",\"target\":[\"https:\/\/excellence-esthetique.fr\/fr\/article-du-dr-gerbault-sur-la-rhinoplastie-dans-la-premiere-revue-mondiale-de-chirurgie-esthetique.html#respond\"]}]},{\"@type\":\"Person\",\"@id\":\"https:\/\/excellence-esthetique.fr\/fr\/#\/schema\/person\/18e47300fb6bb54eaa76163c6c3d5f86\",\"name\":\"Dr Olivier Gerbault\",\"sameAs\":[\"https:\/\/excellence-esthetique.fr\/fr\/dr-gerbault\/\",\"https:\/\/www.facebook.com\/Dr.Gerbault\/\",\"https:\/\/www.instagram.com\/dr_gerbault_rhinoplastie_paris\/\",\"https:\/\/www.linkedin.com\/in\/oliviergerbault\/\",\"https:\/\/twitter.com\/Dr_Gerbault\",\"https:\/\/www.youtube.com\/channel\/UCEe5FdN1eZE5T2E_8ndZjfw\"]},{\"@type\":\"PostalAddress\",\"@id\":\"https:\/\/excellence-esthetique.fr\/fr\/article-du-dr-gerbault-sur-la-rhinoplastie-dans-la-premiere-revue-mondiale-de-chirurgie-esthetique.html#local-main-place-address\",\"streetAddress\":\"138 avenue Victor Hugo\",\"addressLocality\":\"Paris\",\"postalCode\":\"75116\",\"addressCountry\":\"FR\"},{\"@type\":\"ImageObject\",\"@id\":\"https:\/\/excellence-esthetique.fr\/fr\/article-du-dr-gerbault-sur-la-rhinoplastie-dans-la-premiere-revue-mondiale-de-chirurgie-esthetique.html#local-main-organization-logo\",\"inLanguage\":\"fr-FR\",\"url\":\"https:\/\/excellence-esthetique.fr\/wp-content\/uploads\/logo.jpg\",\"contentUrl\":\"https:\/\/excellence-esthetique.fr\/wp-content\/uploads\/logo.jpg\",\"width\":600,\"height\":334,\"caption\":\"Chirurgien rhinoplastie Paris : Dr Gerbault\"}]}<\/script>\n<meta name=\"geo.placename\" content=\"Paris\" \/>\n<meta name=\"geo.position\" content=\"48.86772289599891;2.2794640614090103\" \/>\n<meta name=\"geo.region\" content=\"France\" \/>\n<!-- \/ Yoast SEO plugin. -->","yoast_head_json":{"title":"Article du Dr Gerbault dans la 1\u00e8re revue mondiale de chirurgie esth\u00e9tique","description":"Article scientifique du Dr Gerbault sur la rhinoplastie ultrasonique dans la premi\u00e8re revue mondiale de chirurgie esth\u00e9tique","robots":{"index":"index","follow":"follow","max-snippet":"max-snippet:-1","max-image-preview":"max-image-preview:large","max-video-preview":"max-video-preview:-1"},"canonical":"https:\/\/excellence-esthetique.fr\/fr\/article-du-dr-gerbault-sur-la-rhinoplastie-dans-la-premiere-revue-mondiale-de-chirurgie-esthetique.html","og_locale":"fr_FR","og_type":"article","og_title":"Article du Dr Gerbault dans la 1\u00e8re revue mondiale de chirurgie esth\u00e9tique","og_description":"Article scientifique du Dr Gerbault sur la rhinoplastie ultrasonique dans la premi\u00e8re revue mondiale de chirurgie esth\u00e9tique","og_url":"https:\/\/excellence-esthetique.fr\/fr\/article-du-dr-gerbault-sur-la-rhinoplastie-dans-la-premiere-revue-mondiale-de-chirurgie-esthetique.html","og_site_name":"Chirurgien rhinoplastie Paris : Dr Gerbault","article_publisher":"https:\/\/www.facebook.com\/Dr.Gerbault\/","article_author":"https:\/\/www.facebook.com\/Dr.Gerbault\/","article_published_time":"2018-06-04T08:37:28+00:00","article_modified_time":"2020-01-23T03:39:15+00:00","og_image":[{"width":520,"height":677,"url":"https:\/\/excellence-esthetique.fr\/wp-content\/uploads\/m_cover.png","type":"image\/png"}],"twitter_card":"summary_large_image","twitter_creator":"@Dr_Gerbault","twitter_site":"@Dr_Gerbault","twitter_misc":{"\u00c9crit par":"Dr Olivier Gerbault","Dur\u00e9e de lecture estim\u00e9e":"1 minute"},"schema":{"@context":"https:\/\/schema.org","@graph":[{"@type":["Organization","Place","PlasticSurgery"],"@id":"https:\/\/excellence-esthetique.fr\/fr\/#organization","name":"Chirurgien rhinoplastie Paris : Dr Gerbault","url":"https:\/\/excellence-esthetique.fr\/fr\/","sameAs":["https:\/\/www.facebook.com\/Dr.Gerbault\/","https:\/\/www.instagram.com\/dr_gerbault_rhinoplastie_paris\/","https:\/\/www.linkedin.com\/in\/oliviergerbault\/","https:\/\/www.youtube.com\/GERBOLIVIER","https:\/\/twitter.com\/Dr_Gerbault"],"logo":{"@id":"https:\/\/excellence-esthetique.fr\/fr\/article-du-dr-gerbault-sur-la-rhinoplastie-dans-la-premiere-revue-mondiale-de-chirurgie-esthetique.html#local-main-organization-logo"},"image":{"@id":"https:\/\/excellence-esthetique.fr\/fr\/article-du-dr-gerbault-sur-la-rhinoplastie-dans-la-premiere-revue-mondiale-de-chirurgie-esthetique.html#local-main-organization-logo"},"address":{"@id":"https:\/\/excellence-esthetique.fr\/fr\/article-du-dr-gerbault-sur-la-rhinoplastie-dans-la-premiere-revue-mondiale-de-chirurgie-esthetique.html#local-main-place-address"},"geo":{"@type":"GeoCoordinates","latitude":"48.86772289599891","longitude":"2.2794640614090103"},"telephone":["+33153663030","+33153663030"],"openingHoursSpecification":{"@type":"OpeningHoursSpecification","dayOfWeek":["Monday","Tuesday","Wednesday","Thursday","Friday","Saturday","Sunday"],"opens":"00:00","closes":"23:59"},"areaServed":"France","vatID":"FR54488777194","taxID":"FR54488777194","priceRange":"$$$$"},{"@type":"WebSite","@id":"https:\/\/excellence-esthetique.fr\/fr\/#website","url":"https:\/\/excellence-esthetique.fr\/fr\/","name":"Chirurgien rhinoplastie Paris : Dr Gerbault","description":"","publisher":{"@id":"https:\/\/excellence-esthetique.fr\/fr\/#organization"},"potentialAction":[{"@type":"SearchAction","target":{"@type":"EntryPoint","urlTemplate":"https:\/\/excellence-esthetique.fr\/fr\/?s={search_term_string}"},"query-input":"required name=search_term_string"}],"inLanguage":"fr-FR"},{"@type":"ImageObject","@id":"https:\/\/excellence-esthetique.fr\/fr\/article-du-dr-gerbault-sur-la-rhinoplastie-dans-la-premiere-revue-mondiale-de-chirurgie-esthetique.html#primaryimage","inLanguage":"fr-FR","url":"https:\/\/excellence-esthetique.fr\/wp-content\/uploads\/m_cover.png","contentUrl":"https:\/\/excellence-esthetique.fr\/wp-content\/uploads\/m_cover.png","width":520,"height":677},{"@type":["WebPage","MedicalWebPage"],"@id":"https:\/\/excellence-esthetique.fr\/fr\/article-du-dr-gerbault-sur-la-rhinoplastie-dans-la-premiere-revue-mondiale-de-chirurgie-esthetique.html#webpage","url":"https:\/\/excellence-esthetique.fr\/fr\/article-du-dr-gerbault-sur-la-rhinoplastie-dans-la-premiere-revue-mondiale-de-chirurgie-esthetique.html","name":"Article du Dr Gerbault dans la 1\u00e8re revue mondiale de chirurgie esth\u00e9tique","isPartOf":{"@id":"https:\/\/excellence-esthetique.fr\/fr\/#website"},"primaryImageOfPage":{"@id":"https:\/\/excellence-esthetique.fr\/fr\/article-du-dr-gerbault-sur-la-rhinoplastie-dans-la-premiere-revue-mondiale-de-chirurgie-esthetique.html#primaryimage"},"datePublished":"2018-06-04T08:37:28+00:00","dateModified":"2020-01-23T03:39:15+00:00","description":"Article scientifique du Dr Gerbault sur la rhinoplastie ultrasonique dans la premi\u00e8re revue mondiale de chirurgie esth\u00e9tique","breadcrumb":{"@id":"https:\/\/excellence-esthetique.fr\/fr\/article-du-dr-gerbault-sur-la-rhinoplastie-dans-la-premiere-revue-mondiale-de-chirurgie-esthetique.html#breadcrumb"},"inLanguage":"fr-FR","potentialAction":[{"@type":"ReadAction","target":["https:\/\/excellence-esthetique.fr\/fr\/article-du-dr-gerbault-sur-la-rhinoplastie-dans-la-premiere-revue-mondiale-de-chirurgie-esthetique.html"]}]},{"@type":"BreadcrumbList","@id":"https:\/\/excellence-esthetique.fr\/fr\/article-du-dr-gerbault-sur-la-rhinoplastie-dans-la-premiere-revue-mondiale-de-chirurgie-esthetique.html#breadcrumb","itemListElement":[{"@type":"ListItem","position":1,"name":"Chirurgie esth\u00e9tique Paris","item":"https:\/\/excellence-esthetique.fr\/fr"},{"@type":"ListItem","position":2,"name":"Actualit\u00e9s","item":"https:\/\/excellence-esthetique.fr\/fr\/blog\/"},{"@type":"ListItem","position":3,"name":"Article du Dr Gerbault sur la rhinoplastie dans la premi\u00e8re revue mondiale de chirurgie esth\u00e9tique"}]},{"@type":"Article","@id":"https:\/\/excellence-esthetique.fr\/fr\/article-du-dr-gerbault-sur-la-rhinoplastie-dans-la-premiere-revue-mondiale-de-chirurgie-esthetique.html#article","isPartOf":{"@id":"https:\/\/excellence-esthetique.fr\/fr\/article-du-dr-gerbault-sur-la-rhinoplastie-dans-la-premiere-revue-mondiale-de-chirurgie-esthetique.html#webpage"},"author":{"@id":"https:\/\/excellence-esthetique.fr\/fr\/#\/schema\/person\/18e47300fb6bb54eaa76163c6c3d5f86"},"headline":"Article du Dr Gerbault sur la rhinoplastie dans la premi\u00e8re revue mondiale de chirurgie esth\u00e9tique","datePublished":"2018-06-04T08:37:28+00:00","dateModified":"2020-01-23T03:39:15+00:00","mainEntityOfPage":{"@id":"https:\/\/excellence-esthetique.fr\/fr\/article-du-dr-gerbault-sur-la-rhinoplastie-dans-la-premiere-revue-mondiale-de-chirurgie-esthetique.html#webpage"},"wordCount":196,"commentCount":0,"publisher":{"@id":"https:\/\/excellence-esthetique.fr\/fr\/#organization"},"image":{"@id":"https:\/\/excellence-esthetique.fr\/fr\/article-du-dr-gerbault-sur-la-rhinoplastie-dans-la-premiere-revue-mondiale-de-chirurgie-esthetique.html#primaryimage"},"thumbnailUrl":"https:\/\/excellence-esthetique.fr\/wp-content\/uploads\/m_cover.png","articleSection":["Actualit\u00e9s"],"inLanguage":"fr-FR","potentialAction":[{"@type":"CommentAction","name":"Comment","target":["https:\/\/excellence-esthetique.fr\/fr\/article-du-dr-gerbault-sur-la-rhinoplastie-dans-la-premiere-revue-mondiale-de-chirurgie-esthetique.html#respond"]}]},{"@type":"Person","@id":"https:\/\/excellence-esthetique.fr\/fr\/#\/schema\/person\/18e47300fb6bb54eaa76163c6c3d5f86","name":"Dr Olivier Gerbault","sameAs":["https:\/\/excellence-esthetique.fr\/fr\/dr-gerbault\/","https:\/\/www.facebook.com\/Dr.Gerbault\/","https:\/\/www.instagram.com\/dr_gerbault_rhinoplastie_paris\/","https:\/\/www.linkedin.com\/in\/oliviergerbault\/","https:\/\/twitter.com\/Dr_Gerbault","https:\/\/www.youtube.com\/channel\/UCEe5FdN1eZE5T2E_8ndZjfw"]},{"@type":"PostalAddress","@id":"https:\/\/excellence-esthetique.fr\/fr\/article-du-dr-gerbault-sur-la-rhinoplastie-dans-la-premiere-revue-mondiale-de-chirurgie-esthetique.html#local-main-place-address","streetAddress":"138 avenue Victor Hugo","addressLocality":"Paris","postalCode":"75116","addressCountry":"FR"},{"@type":"ImageObject","@id":"https:\/\/excellence-esthetique.fr\/fr\/article-du-dr-gerbault-sur-la-rhinoplastie-dans-la-premiere-revue-mondiale-de-chirurgie-esthetique.html#local-main-organization-logo","inLanguage":"fr-FR","url":"https:\/\/excellence-esthetique.fr\/wp-content\/uploads\/logo.jpg","contentUrl":"https:\/\/excellence-esthetique.fr\/wp-content\/uploads\/logo.jpg","width":600,"height":334,"caption":"Chirurgien rhinoplastie Paris : Dr Gerbault"}]},"geo.placename":"Paris","geo.position":{"lat":"48.86772289599891","long":"2.2794640614090103"},"geo.region":"France"},"_links":{"self":[{"href":"https:\/\/excellence-esthetique.fr\/fr\/wp-json\/wp\/v2\/posts\/5715"}],"collection":[{"href":"https:\/\/excellence-esthetique.fr\/fr\/wp-json\/wp\/v2\/posts"}],"about":[{"href":"https:\/\/excellence-esthetique.fr\/fr\/wp-json\/wp\/v2\/types\/post"}],"author":[{"embeddable":true,"href":"https:\/\/excellence-esthetique.fr\/fr\/wp-json\/wp\/v2\/users\/5"}],"replies":[{"embeddable":true,"href":"https:\/\/excellence-esthetique.fr\/fr\/wp-json\/wp\/v2\/comments?post=5715"}],"version-history":[{"count":0,"href":"https:\/\/excellence-esthetique.fr\/fr\/wp-json\/wp\/v2\/posts\/5715\/revisions"}],"wp:featuredmedia":[{"embeddable":true,"href":"https:\/\/excellence-esthetique.fr\/fr\/wp-json\/wp\/v2\/media\/15040"}],"wp:attachment":[{"href":"https:\/\/excellence-esthetique.fr\/fr\/wp-json\/wp\/v2\/media?parent=5715"}],"wp:term":[{"taxonomy":"category","embeddable":true,"href":"https:\/\/excellence-esthetique.fr\/fr\/wp-json\/wp\/v2\/categories?post=5715"},{"taxonomy":"post_tag","embeddable":true,"href":"https:\/\/excellence-esthetique.fr\/fr\/wp-json\/wp\/v2\/tags?post=5715"}],"curies":[{"name":"wp","href":"https:\/\/api.w.org\/{rel}","templated":true}]}}